{"id":3476,"date":"2026-03-14T01:08:24","date_gmt":"2026-03-14T01:08:24","guid":{"rendered":"https:\/\/akdenizolay.com.tr\/index.php\/2026\/03\/14\/bursaspor-ailesi-geleneksel-iftarda-bulustu\/"},"modified":"2026-03-14T01:08:25","modified_gmt":"2026-03-14T01:08:25","slug":"bursaspor-ailesi-geleneksel-iftarda-bulustu","status":"publish","type":"post","link":"https:\/\/akdenizolay.com.tr\/index.php\/2026\/03\/14\/bursaspor-ailesi-geleneksel-iftarda-bulustu\/","title":{"rendered":"Bursaspor Ailesi Geleneksel \u0130ftarda Bulu\u015ftu"},"content":{"rendered":"<p> <span style=\"font-size:12pt\"><span style=\",serif\"><span style=\"font-size:11.0pt\"><span style=\",serif\">Teksasl\u0131 Bursasporlular Derne\u011fi\u2019nin Atat\u00fcrk Spor Kompleksi Matl\u0131 Stadyumu\u2019nda d\u00fczenledi\u011fi geleneksel iftar program\u0131, Bursaspor camias\u0131n\u0131 ayn\u0131 sofrada bulu\u015fturdu. Osmangazi Belediye Ba\u015fkan\u0131 Erkan Ayd\u0131n\u2019\u0131n da kat\u0131ld\u0131\u011f\u0131 bulu\u015fmada birlik, dayan\u0131\u015fma ve S\u00fcper Lig hedefi vurgusu \u00f6ne \u00e7\u0131kt\u0131.<\/span><\/span><\/span><\/span><\/p>\n<p><span style=\"font-size:12pt\"><span style=\",serif\"><span style=\"font-size:11.0pt\"><span style=\",serif\">Teksasl\u0131 Bursasporlular Derne\u011fi taraf\u0131ndan, Ramazan ay\u0131n\u0131n birlik ve beraberli\u011fini payla\u015fmak amac\u0131yla d\u00fczenlenen geleneksel iftar organizasyonu, Atat\u00fcrk Spor Kompleksi Matl\u0131 Stadyumu\u2019nda Bursaspor camias\u0131n\u0131 bir araya getirdi. Osmangazi Belediye Ba\u015fkan\u0131 Erkan Ayd\u0131n ile Osmangazi Belediyespor Kul\u00fcb\u00fc Ba\u015fkan\u0131 Fatih Karay\u0131lan ve CHP Bursa \u0130l Ba\u015fkan\u0131 Nihat Ye\u015filta\u015f\u2019\u0131n da kat\u0131ld\u0131\u011f\u0131 iftarda, ye\u015fil beyazl\u0131 camia bir kez daha kenetlenme mesaj\u0131 verdi. \u00d6ncelikle Bursaspor trib\u00fcn lideri Selim Kurtulan\u2019a g\u00f6rd\u00fc\u011f\u00fc tedavi nedeniyle ge\u00e7mi\u015f olsun dileklerinde bulunan Ba\u015fkan Ayd\u0131n, \u201cBayram\u0131m\u0131z yakla\u015f\u0131yor. Allah \u00f6nce Kadir Gecesi\u2019ne, sonras\u0131nda Ramazan Bayram\u0131\u2019na eri\u015ftirsin.\u201d diye konu\u015ftu. Bursaspor Ba\u015fkan\u0131 Enes \u00c7elik de birlik vurgusunda bulunarak, \u201cAllah\u2019\u0131n izniyle in\u015fallah \u00f6n\u00fcm\u00fczdeki sene bu zamanlarda S\u00fcper Lig\u2019e \u00e7\u0131kaca\u011f\u0131m\u0131z iftarda birlikte oluruz.\u201d ifadelerini kulland\u0131. Bursaspor trib\u00fcn lideri Selim Kurtulan da, kendisine y\u00f6nlendirilen iyi dilekleri \u201c\u0130yi ki vars\u0131n\u0131z\u201d diyerek cevaplad\u0131.<\/span><\/span><\/span><\/span><\/p>\n<p><span style=\"font-size:12pt\"><span style=\",serif\"><span style=\"font-size:11.0pt\"><span style=\",serif\">Binlerce Bursaspor taraftar\u0131n\u0131n bir araya geldi\u011fi iftar organizasyonu, kentin b\u00fct\u00fcnle\u015ferek \u015fampiyonlu\u011fa olan inanc\u0131n\u0131 da vurgulad\u0131.<\/span><\/span><\/span><\/span><\/p>\n<p>\u00a0<\/p>\n<p>Kaynak: (BYZHA) Beyaz Haber Ajans\u0131<\/p>\n","protected":false},"excerpt":{"rendered":"<p>Teksasl\u0131 Bursasporlular Derne\u011fi\u2019nin Atat\u00fcrk Spor Kompleksi Matl\u0131 Stadyumu\u2019nda d\u00fczenledi\u011fi geleneksel iftar program\u0131, Bursaspor camias\u0131n\u0131 ayn\u0131 sofrada bulu\u015fturdu.<\/p>\n","protected":false},"author":1,"featured_media":3478,"comment_status":"open","ping_status":"open","sticky":false,"template":"","format":"standard","meta":{"footnotes":""},"categories":[25],"tags":[],"class_list":["post-3476","post","type-post","status-publish","format-standard","has-post-thumbnail","hentry","category-spor"],"_links":{"self":[{"href":"https:\/\/akdenizolay.com.tr\/index.php\/wp-json\/wp\/v2\/posts\/3476","targetHints":{"allow":["GET"]}}],"collection":[{"href":"https:\/\/akdenizolay.com.tr\/index.php\/wp-json\/wp\/v2\/posts"}],"about":[{"href":"https:\/\/akdenizolay.com.tr\/index.php\/wp-json\/wp\/v2\/types\/post"}],"author":[{"embeddable":true,"href":"https:\/\/akdenizolay.com.tr\/index.php\/wp-json\/wp\/v2\/users\/1"}],"replies":[{"embeddable":true,"href":"https:\/\/akdenizolay.com.tr\/index.php\/wp-json\/wp\/v2\/comments?post=3476"}],"version-history":[{"count":1,"href":"https:\/\/akdenizolay.com.tr\/index.php\/wp-json\/wp\/v2\/posts\/3476\/revisions"}],"predecessor-version":[{"id":3480,"href":"https:\/\/akdenizolay.com.tr\/index.php\/wp-json\/wp\/v2\/posts\/3476\/revisions\/3480"}],"wp:featuredmedia":[{"embeddable":true,"href":"https:\/\/akdenizolay.com.tr\/index.php\/wp-json\/wp\/v2\/media\/3478"}],"wp:attachment":[{"href":"https:\/\/akdenizolay.com.tr\/index.php\/wp-json\/wp\/v2\/media?parent=3476"}],"wp:term":[{"taxonomy":"category","embeddable":true,"href":"https:\/\/akdenizolay.com.tr\/index.php\/wp-json\/wp\/v2\/categories?post=3476"},{"taxonomy":"post_tag","embeddable":true,"href":"https:\/\/akdenizolay.com.tr\/index.php\/wp-json\/wp\/v2\/tags?post=3476"}],"curies":[{"name":"wp","href":"https:\/\/api.w.org\/{rel}","templated":true}]}}