{"id":3515,"date":"2026-03-14T07:09:17","date_gmt":"2026-03-14T07:09:17","guid":{"rendered":"https:\/\/akdenizolay.com.tr\/index.php\/2026\/03\/14\/konaktan-tarihi-kent-merkezindeki-camiler-icin-dijital-rehber\/"},"modified":"2026-03-14T07:09:18","modified_gmt":"2026-03-14T07:09:18","slug":"konaktan-tarihi-kent-merkezindeki-camiler-icin-dijital-rehber","status":"publish","type":"post","link":"https:\/\/akdenizolay.com.tr\/index.php\/2026\/03\/14\/konaktan-tarihi-kent-merkezindeki-camiler-icin-dijital-rehber\/","title":{"rendered":"Konak\u2019tan tarihi kent merkezindeki camiler i\u00e7in dijital rehber"},"content":{"rendered":"<p> <b>Konak Belediyesi, \u0130zmir\u2019in tarihi kent merkezindeki cami ve mescitleri tan\u0131tan bir dijital kitap\u00e7\u0131k haz\u0131rlad\u0131. \u201cKentimizin Miras\u0131: Konak Camilerinden Bir Se\u00e7ki\u201d adl\u0131 \u00e7al\u0131\u015fma, ibadet yap\u0131lar\u0131n\u0131n mimari \u00f6zellikleri ve tarih\u00e7elerini geni\u015f kitlelere tan\u0131tmay\u0131 ama\u00e7l\u0131yor.<\/b><\/p>\n<p>Konak Belediyesi, Ramazan ay\u0131 dolay\u0131s\u0131yla \u0130zmir\u2019in tarihi kent merkezinde yer alan cami ve mescitleri tan\u0131tmak amac\u0131yla dijital kitap\u00e7\u0131k olu\u015fturdu. K\u00fclt\u00fcrel Miras Koruma M\u00fcd\u00fcrl\u00fc\u011f\u00fc taraf\u0131ndan haz\u0131rlanan \u201cKentimizin Miras\u0131: Konak Camilerinden Bir Se\u00e7ki\u201d ba\u015fl\u0131kl\u0131 \u00e7al\u0131\u015fmada, ibadet yap\u0131lar\u0131n\u0131n mimari \u00f6zellikleri, s\u00fcslemeleri ve tarih\u00e7elerine ili\u015fkin bilgilere yer verildi. Konak Belediyesi\u2019nin internet sitesinde yer alan\u00a0https:\/\/konak.bel.tr\/tr\/kulturel-miras-rotalari\/kentimiz-mirasi-konak-camilerinden-bir-secki\u00a0adresinden kolayl\u0131kla ula\u015f\u0131labilen kitap\u00e7\u0131k ile Google Maps\u2019te yer alan bilgilendirme metinleri T\u00fcrk\u00e7e ve \u0130ngilizce olarak haz\u0131rland\u0131. Konak ve Kemeralt\u0131 \u00e7evresindeki tarihi camileri ke\u015ffetmek isteyenler i\u00e7in rehber niteli\u011fi ta\u015f\u0131yan kitap\u00e7\u0131k, kentin tarihi ve mimari de\u011ferlerinin daha geni\u015f kitlelerle bulu\u015fmas\u0131na katk\u0131 sa\u011flamay\u0131 ama\u00e7l\u0131yor.<\/p>\n<p>\u00a0<\/p>\n<p>Kaynak: (BYZHA) Beyaz Haber Ajans\u0131<\/p>\n","protected":false},"excerpt":{"rendered":"<p>Konak Belediyesi, \u0130zmir\u2019in tarihi kent merkezindeki cami ve mescitleri tan\u0131tan bir dijital kitap\u00e7\u0131k haz\u0131rlad\u0131.<\/p>\n","protected":false},"author":1,"featured_media":3516,"comment_status":"open","ping_status":"open","sticky":false,"template":"","format":"standard","meta":{"footnotes":""},"categories":[20],"tags":[],"class_list":["post-3515","post","type-post","status-publish","format-standard","has-post-thumbnail","hentry","category-gundem"],"_links":{"self":[{"href":"https:\/\/akdenizolay.com.tr\/index.php\/wp-json\/wp\/v2\/posts\/3515","targetHints":{"allow":["GET"]}}],"collection":[{"href":"https:\/\/akdenizolay.com.tr\/index.php\/wp-json\/wp\/v2\/posts"}],"about":[{"href":"https:\/\/akdenizolay.com.tr\/index.php\/wp-json\/wp\/v2\/types\/post"}],"author":[{"embeddable":true,"href":"https:\/\/akdenizolay.com.tr\/index.php\/wp-json\/wp\/v2\/users\/1"}],"replies":[{"embeddable":true,"href":"https:\/\/akdenizolay.com.tr\/index.php\/wp-json\/wp\/v2\/comments?post=3515"}],"version-history":[{"count":1,"href":"https:\/\/akdenizolay.com.tr\/index.php\/wp-json\/wp\/v2\/posts\/3515\/revisions"}],"predecessor-version":[{"id":3517,"href":"https:\/\/akdenizolay.com.tr\/index.php\/wp-json\/wp\/v2\/posts\/3515\/revisions\/3517"}],"wp:featuredmedia":[{"embeddable":true,"href":"https:\/\/akdenizolay.com.tr\/index.php\/wp-json\/wp\/v2\/media\/3516"}],"wp:attachment":[{"href":"https:\/\/akdenizolay.com.tr\/index.php\/wp-json\/wp\/v2\/media?parent=3515"}],"wp:term":[{"taxonomy":"category","embeddable":true,"href":"https:\/\/akdenizolay.com.tr\/index.php\/wp-json\/wp\/v2\/categories?post=3515"},{"taxonomy":"post_tag","embeddable":true,"href":"https:\/\/akdenizolay.com.tr\/index.php\/wp-json\/wp\/v2\/tags?post=3515"}],"curies":[{"name":"wp","href":"https:\/\/api.w.org\/{rel}","templated":true}]}}