{"id":3518,"date":"2026-03-14T07:09:19","date_gmt":"2026-03-14T07:09:19","guid":{"rendered":"https:\/\/akdenizolay.com.tr\/index.php\/2026\/03\/14\/baskan-mesut-ozarslan-iftar-cadirinda-vatandaslarla-oruc-acti\/"},"modified":"2026-03-14T07:09:19","modified_gmt":"2026-03-14T07:09:19","slug":"baskan-mesut-ozarslan-iftar-cadirinda-vatandaslarla-oruc-acti","status":"publish","type":"post","link":"https:\/\/akdenizolay.com.tr\/index.php\/2026\/03\/14\/baskan-mesut-ozarslan-iftar-cadirinda-vatandaslarla-oruc-acti\/","title":{"rendered":"Ba\u015fkan Mesut \u00d6zarslan \u0130ftar \u00c7ad\u0131r\u0131nda Vatanda\u015flarla Oru\u00e7 A\u00e7t\u0131"},"content":{"rendered":"<p> <b>Ke\u00e7i\u00f6ren Belediye Ba\u015fkan\u0131 Dr. Mesut \u00d6zarslan<\/b>, Fatih Stad\u0131\u2019nda kurulan iftar \u00e7ad\u0131r\u0131nda vatanda\u015flarla birlikte ayn\u0131 sofrada oru\u00e7 a\u00e7t\u0131. Ramazan ay\u0131n\u0131n birlik ve beraberlik ruhunu vatanda\u015flarla payla\u015fan Ba\u015fkan \u00d6zarslan, iftar \u00f6ncesinde \u00e7ad\u0131r alan\u0131nda bulunan hem\u015fehrileriyle sohbet ederek onlar\u0131n talep ve \u00f6nerilerini dinledi. Vatanda\u015flara hay\u0131rl\u0131 iftarlar dileyen \u00d6zarslan, iletilen talepleri ise ilgili birim m\u00fcd\u00fcrlerine y\u00f6nlendirerek taleplerin h\u0131zl\u0131 \u015fekilde kar\u015f\u0131lanmas\u0131n\u0131 sa\u011flad\u0131.<\/p>\n<p>\u0130ftar \u00e7ad\u0131r\u0131nda hem\u015fehrilerini yaln\u0131z b\u0131rakmayan\u00a0<b>Ba\u015fkan \u00d6zarslan<\/b>, \u201cAmac\u0131m\u0131z ramazan\u0131n bereketini hem\u015fehrilerimizle payla\u015fmak ve kimsenin kendini yaln\u0131z hissetmedi\u011fi bir dayan\u0131\u015fma ortam\u0131 olu\u015fturmak. Bug\u00fcn de Fatih Stad\u0131\u2019ndaki iftar \u00e7ad\u0131r\u0131m\u0131zda hem\u015fehrilerimizle bir araya gelerek ayn\u0131 sofray\u0131 payla\u015ft\u0131k. Rabbim tuttuklar\u0131 oru\u00e7lar\u0131, yapt\u0131klar\u0131 ibadetleri kabul etsin.\u201d mesaj\u0131 verdi.<\/p>\n<p><b>18 noktada 15 bin ki\u015filik iftar veriliyor<\/b><\/p>\n<p>Ramazan ay\u0131n\u0131n payla\u015fma ve dayan\u0131\u015fma ruhunu ya\u015fatan Ke\u00e7i\u00f6ren Belediyesi, ramazan ay\u0131 boyunca il\u00e7enin farkl\u0131 noktalar\u0131nda kurdu\u011fu iftar \u00e7ad\u0131rlar\u0131yla vatanda\u015flar\u0131 misafir ediyor. Belediye taraf\u0131ndan 18 ayr\u0131 noktada kurulan iftar \u00e7ad\u0131rlar\u0131nda g\u00fcnl\u00fck 15 bin ki\u015filik yemek haz\u0131rlanarak vatanda\u015flara ikram ediliyor. Hizmetlerden memnun kalan Ke\u00e7i\u00f6ren halk\u0131, Ba\u015fkan \u00d6zarslan ve ekibine te\u015fekk\u00fcr ediyor.\u00a0<\/p>\n<p>\u00a0<\/p>\n<p>\u00a0<\/p>\n<p>Kaynak: (BYZHA) Beyaz Haber Ajans\u0131<\/p>\n","protected":false},"excerpt":{"rendered":"<p>Ke\u00e7i\u00f6ren Belediye Ba\u015fkan\u0131 Dr.<\/p>\n","protected":false},"author":1,"featured_media":3519,"comment_status":"open","ping_status":"open","sticky":false,"template":"","format":"standard","meta":{"footnotes":""},"categories":[20],"tags":[],"class_list":["post-3518","post","type-post","status-publish","format-standard","has-post-thumbnail","hentry","category-gundem"],"_links":{"self":[{"href":"https:\/\/akdenizolay.com.tr\/index.php\/wp-json\/wp\/v2\/posts\/3518","targetHints":{"allow":["GET"]}}],"collection":[{"href":"https:\/\/akdenizolay.com.tr\/index.php\/wp-json\/wp\/v2\/posts"}],"about":[{"href":"https:\/\/akdenizolay.com.tr\/index.php\/wp-json\/wp\/v2\/types\/post"}],"author":[{"embeddable":true,"href":"https:\/\/akdenizolay.com.tr\/index.php\/wp-json\/wp\/v2\/users\/1"}],"replies":[{"embeddable":true,"href":"https:\/\/akdenizolay.com.tr\/index.php\/wp-json\/wp\/v2\/comments?post=3518"}],"version-history":[{"count":1,"href":"https:\/\/akdenizolay.com.tr\/index.php\/wp-json\/wp\/v2\/posts\/3518\/revisions"}],"predecessor-version":[{"id":3520,"href":"https:\/\/akdenizolay.com.tr\/index.php\/wp-json\/wp\/v2\/posts\/3518\/revisions\/3520"}],"wp:featuredmedia":[{"embeddable":true,"href":"https:\/\/akdenizolay.com.tr\/index.php\/wp-json\/wp\/v2\/media\/3519"}],"wp:attachment":[{"href":"https:\/\/akdenizolay.com.tr\/index.php\/wp-json\/wp\/v2\/media?parent=3518"}],"wp:term":[{"taxonomy":"category","embeddable":true,"href":"https:\/\/akdenizolay.com.tr\/index.php\/wp-json\/wp\/v2\/categories?post=3518"},{"taxonomy":"post_tag","embeddable":true,"href":"https:\/\/akdenizolay.com.tr\/index.php\/wp-json\/wp\/v2\/tags?post=3518"}],"curies":[{"name":"wp","href":"https:\/\/api.w.org\/{rel}","templated":true}]}}