{"id":3521,"date":"2026-03-14T07:09:28","date_gmt":"2026-03-14T07:09:28","guid":{"rendered":"https:\/\/akdenizolay.com.tr\/index.php\/2026\/03\/14\/bornovada-saglik-destek-karti-geliyor\/"},"modified":"2026-03-14T07:09:29","modified_gmt":"2026-03-14T07:09:29","slug":"bornovada-saglik-destek-karti-geliyor","status":"publish","type":"post","link":"https:\/\/akdenizolay.com.tr\/index.php\/2026\/03\/14\/bornovada-saglik-destek-karti-geliyor\/","title":{"rendered":"Bornova\u2019da \u201cSa\u011fl\u0131k Destek Kart\u0131\u201d geliyor"},"content":{"rendered":"<p> Bornova Belediye Ba\u015fkan\u0131 \u00d6mer E\u015fki, 14 Mart T\u0131p Bayram\u0131 kapsam\u0131nda \u00d6zg\u00fcl G\u00fcnd\u00fcz Sa\u011fl\u0131k K\u00f6y\u00fc\u2019n\u00fc ziyaret ederek Sa\u011fl\u0131k \u0130\u015fleri M\u00fcd\u00fcrl\u00fc\u011f\u00fc personelinin bayram\u0131n\u0131 kutlad\u0131 ve \u00e7al\u0131\u015fanlara \u00e7i\u00e7ek takdim etti. Ziyarette, vatanda\u015flar\u0131n \u00f6zel sa\u011fl\u0131k hizmetlerinden daha uygun ko\u015fullarda yararlanabilmesi i\u00e7in planlanan \u201cSa\u011fl\u0131k Destek Kart\u0131\u201d projesi hakk\u0131nda da bilgi verildi. E\u015fki, sa\u011fl\u0131k hizmetlerine eri\u015fimin kolayla\u015ft\u0131r\u0131lmas\u0131 i\u00e7in \u00e7al\u0131\u015fmalar\u0131n\u0131 s\u00fcrd\u00fcreceklerini ifade etti.<\/p>\n<p>Bornova Belediye Ba\u015fkan\u0131 \u00d6mer E\u015fki, 14 Mart T\u0131p Bayram\u0131 kapsam\u0131nda Bornova Belediyesi \u00d6zg\u00fcl G\u00fcnd\u00fcz Sa\u011fl\u0131k K\u00f6y\u00fc\u2019n\u00fc ziyaret ederek Sa\u011fl\u0131k \u0130\u015fleri M\u00fcd\u00fcrl\u00fc\u011f\u00fc personelinin bayram\u0131n\u0131 kutlad\u0131.<\/p>\n<p>Ziyarette sa\u011fl\u0131k \u00e7al\u0131\u015fanlar\u0131yla tek tek sohbet eden Ba\u015fkan E\u015fki, g\u00fcn\u00fcn an\u0131s\u0131na personele \u00e7i\u00e7ek hediye etti. Programda ayr\u0131ca Bornova Belediyesi\u2019nin hayata ge\u00e7irmeyi planlad\u0131\u011f\u0131 \u201cSa\u011fl\u0131k Destek Kart\u0131\u201d projesi hakk\u0131nda da bilgi verildi. Ziyarete D\u0130SK Genel-\u0130\u015f \u0130zmir 7 No\u2019lu \u015eube Ba\u015fkan\u0131 U\u011fur Nazl\u0131o\u011flu da kat\u0131ld\u0131.<\/p>\n<p><b>\u00a0\u201cSa\u011fl\u0131k hizmetine eri\u015fim giderek zorla\u015f\u0131yor\u201d<\/b><\/p>\n<p>Konu\u015fmas\u0131nda 14 Mart\u2019\u0131n tarihsel \u00f6nemine de\u011finen Bornova Belediye Ba\u015fkan\u0131 \u00d6mer E\u015fki, T\u0131p Bayram\u0131\u2019n\u0131n k\u00f6keninin Osmanl\u0131 d\u00f6neminde kurulan Mekteb-i T\u0131bbiye\u2019ye dayand\u0131\u011f\u0131n\u0131 hat\u0131rlatt\u0131. E\u015fki, bu kurumun yaln\u0131zca t\u0131p e\u011fitiminin de\u011fil ayn\u0131 zamanda ilerici fikirlerin de do\u011fdu\u011fu \u00f6nemli bir merkez oldu\u011funu belirterek, g\u00fcn\u00fcm\u00fczde sa\u011fl\u0131k hizmetlerine eri\u015fimin giderek zorla\u015ft\u0131\u011f\u0131n\u0131 ifade etti. Devasa \u015fehir hastanelerine ra\u011fmen vatanda\u015flar\u0131n \u00f6zel sa\u011fl\u0131k kurulu\u015flar\u0131na y\u00f6nelmek zorunda kald\u0131\u011f\u0131n\u0131 dile getiren E\u015fki, sa\u011fl\u0131k hizmetlerinin maliyetlerinin vatanda\u015flar i\u00e7in ciddi bir y\u00fck haline geldi\u011fini s\u00f6yledi.<b>\u00a0<\/b><\/p>\n<p><b>\u201cSa\u011fl\u0131k Destek Kart\u0131 ile indirim sa\u011flanacak\u201d<\/b><\/p>\n<p><b>\u00a0<\/b>Vatanda\u015flar\u0131n sa\u011fl\u0131k hizmetlerine daha kolay ula\u015fabilmesi i\u00e7in yeni bir uygulamay\u0131 hayata ge\u00e7ireceklerini a\u00e7\u0131klayan E\u015fki, Bornova Belediyesi taraf\u0131ndan haz\u0131rlanan \u201cSa\u011fl\u0131k Destek Kart\u0131\u201d hakk\u0131nda bilgi verdi.<\/p>\n<p>E\u015fki, kart sayesinde vatanda\u015flar\u0131n \u00f6zel sa\u011fl\u0131k kurulu\u015flar\u0131n\u0131n hizmetlerinden, yap\u0131lan anla\u015fmalar oran\u0131nda indirimle yararlanabilece\u011fini belirterek, \u201cT\u00fcm sa\u011fl\u0131k hizmetlerinin \u00fccretsiz olmas\u0131ndan yanay\u0131m. Ancak mevcut ko\u015fullarda vatanda\u015f\u0131n en az\u0131ndan \u00f6zel sa\u011fl\u0131k alanlar\u0131nda daha uygun fiyatlarla hizmet alabilmesi i\u00e7in bu kart\u0131 hayata ge\u00e7iriyoruz\u201d dedi.<\/p>\n<p>Sa\u011fl\u0131k \u00e7al\u0131\u015fanlar\u0131n\u0131n ev ziyaretleri ve yerinde hizmetleri sayesinde vatanda\u015flar\u0131n \u00f6nemli ihtiya\u00e7lar\u0131n\u0131n kar\u015f\u0131land\u0131\u011f\u0131n\u0131 da vurgulayan E\u015fki, bu \u00e7al\u0131\u015fmalar\u0131n Bornoval\u0131lar taraf\u0131ndan b\u00fcy\u00fck memnuniyetle kar\u015f\u0131land\u0131\u011f\u0131n\u0131 ifade etti.<b>\u00a0<\/b><\/p>\n<p><b>Nazl\u0131o\u011flu: \u201cSa\u011fl\u0131k emek\u00e7ileri \u00e7ok kutsal bir g\u00f6rev yap\u0131yor\u201d<\/b><\/p>\n<p>Ziyarette konu\u015fan D\u0130SK Genel-\u0130\u015f \u0130zmir 7 No\u2019lu \u015eube Ba\u015fkan\u0131 U\u011fur Nazl\u0131o\u011flu ise sa\u011fl\u0131k alan\u0131nda \u00e7al\u0131\u015fanlar\u0131n toplum i\u00e7in hayati bir g\u00f6rev \u00fcstlendi\u011fini belirterek, t\u00fcm sa\u011fl\u0131k \u00e7al\u0131\u015fanlar\u0131n\u0131n T\u0131p Bayram\u0131\u2019n\u0131 kutlad\u0131. Nazl\u0131o\u011flu, insan sa\u011fl\u0131\u011f\u0131n\u0131 ilgilendiren mesleklerin b\u00fcy\u00fck bir sorumluluk ta\u015f\u0131d\u0131\u011f\u0131n\u0131 vurgulayarak sa\u011fl\u0131k \u00e7al\u0131\u015fanlar\u0131n\u0131n toplum i\u00e7in \u00e7ok de\u011ferli bir hizmet sundu\u011funu ifade etti.<\/p>\n<p><b>\u00a0<\/b><\/p>\n<p>Kaynak: (BYZHA) Beyaz Haber Ajans\u0131<\/p>\n","protected":false},"excerpt":{"rendered":"<p>Bornova Belediye Ba\u015fkan\u0131 \u00d6mer E\u015fki, 14 Mart T\u0131p Bayram\u0131 kapsam\u0131nda \u00d6zg\u00fcl G\u00fcnd\u00fcz Sa\u011fl\u0131k K\u00f6y\u00fc\u2019n\u00fc ziyaret ederek Sa\u011fl\u0131k \u0130\u015fleri M\u00fcd\u00fcrl\u00fc\u011f\u00fc personelinin bayram\u0131n\u0131 kutlad\u0131 ve \u00e7al\u0131\u015fanlara \u00e7i\u00e7ek takdim etti.<\/p>\n","protected":false},"author":1,"featured_media":3522,"comment_status":"open","ping_status":"open","sticky":false,"template":"","format":"standard","meta":{"footnotes":""},"categories":[23],"tags":[],"class_list":["post-3521","post","type-post","status-publish","format-standard","has-post-thumbnail","hentry","category-saglik"],"_links":{"self":[{"href":"https:\/\/akdenizolay.com.tr\/index.php\/wp-json\/wp\/v2\/posts\/3521","targetHints":{"allow":["GET"]}}],"collection":[{"href":"https:\/\/akdenizolay.com.tr\/index.php\/wp-json\/wp\/v2\/posts"}],"about":[{"href":"https:\/\/akdenizolay.com.tr\/index.php\/wp-json\/wp\/v2\/types\/post"}],"author":[{"embeddable":true,"href":"https:\/\/akdenizolay.com.tr\/index.php\/wp-json\/wp\/v2\/users\/1"}],"replies":[{"embeddable":true,"href":"https:\/\/akdenizolay.com.tr\/index.php\/wp-json\/wp\/v2\/comments?post=3521"}],"version-history":[{"count":1,"href":"https:\/\/akdenizolay.com.tr\/index.php\/wp-json\/wp\/v2\/posts\/3521\/revisions"}],"predecessor-version":[{"id":3523,"href":"https:\/\/akdenizolay.com.tr\/index.php\/wp-json\/wp\/v2\/posts\/3521\/revisions\/3523"}],"wp:featuredmedia":[{"embeddable":true,"href":"https:\/\/akdenizolay.com.tr\/index.php\/wp-json\/wp\/v2\/media\/3522"}],"wp:attachment":[{"href":"https:\/\/akdenizolay.com.tr\/index.php\/wp-json\/wp\/v2\/media?parent=3521"}],"wp:term":[{"taxonomy":"category","embeddable":true,"href":"https:\/\/akdenizolay.com.tr\/index.php\/wp-json\/wp\/v2\/categories?post=3521"},{"taxonomy":"post_tag","embeddable":true,"href":"https:\/\/akdenizolay.com.tr\/index.php\/wp-json\/wp\/v2\/tags?post=3521"}],"curies":[{"name":"wp","href":"https:\/\/api.w.org\/{rel}","templated":true}]}}