{"id":3524,"date":"2026-03-14T07:19:48","date_gmt":"2026-03-14T07:19:48","guid":{"rendered":"https:\/\/akdenizolay.com.tr\/index.php\/2026\/03\/14\/turk-kizilay-adanada-yeni-asevi-acti\/"},"modified":"2026-03-14T07:19:49","modified_gmt":"2026-03-14T07:19:49","slug":"turk-kizilay-adanada-yeni-asevi-acti","status":"publish","type":"post","link":"https:\/\/akdenizolay.com.tr\/index.php\/2026\/03\/14\/turk-kizilay-adanada-yeni-asevi-acti\/","title":{"rendered":"T\u00fcrk K\u0131z\u0131lay Adana\u2019da Yeni A\u015fevi A\u00e7t\u0131"},"content":{"rendered":"<p> \u201cBu Ramazan\u2019da da Bir Ba\u015f\u0131na Olanlar\u0131n Yan\u0131 Ba\u015f\u0131nday\u0131z\u201d slogan\u0131yla Ramazan bereketini milyonlar\u0131n sofras\u0131na ta\u015f\u0131yan T\u00fcrk K\u0131z\u0131lay, yeni a\u015fevleriyle iyili\u011fi daha fazla haneye ula\u015ft\u0131rmaya devam ediyor. Tek ba\u015f\u0131na ya\u015fayanlar, ya\u015fl\u0131lar ve engelliler ba\u015fta olmak \u00fczere Ramazan ay\u0131nda her g\u00fcn 61 bin ki\u015filik iftarl\u0131k s\u0131cak yemek da\u011f\u0131tan K\u0131z\u0131lay, \u201c81 \u0130lde 81 A\u015fevi\u201d program\u0131 kapsam\u0131nda Adana\u2019da yeni a\u015fevini a\u00e7t\u0131. T\u00fcrk K\u0131z\u0131lay Genel Ba\u015fkan\u0131 Prof. Dr. Fatma Meri\u00e7 Y\u0131lmaz ve \u00fcnl\u00fc \u015eef Mehmet Yal\u00e7\u0131nkaya\u2019n\u0131n kat\u0131l\u0131m\u0131yla a\u00e7\u0131l\u0131\u015f\u0131 yap\u0131lan Fatma-Arif Zalo\u011flu A\u015fevi, dayan\u0131\u015fman\u0131n ve payla\u015fman\u0131n yeni merkezi olarak hizmete ba\u015flad\u0131.<\/p>\n<p><strong>\u201cA\u015fevimiz g\u00fcnl\u00fck 3 bin, afetlerde 11 bin ki\u015filik kapasiteye \u00e7\u0131kabilecek\u201d<\/strong><\/p>\n<p>A\u00e7\u0131l\u0131\u015fta konu\u015fan T\u00fcrk K\u0131z\u0131lay Genel Ba\u015fkan\u0131 Prof. Dr. Fatma Meri\u00e7 Y\u0131lmaz, dayan\u0131\u015fma ruhunu T\u00fcrkiye\u2019nin her k\u00f6\u015fesine ta\u015f\u0131mak istediklerini belirterek, \u015funlar\u0131 s\u00f6yledi:<\/p>\n<p>\u201cT\u00fcrk K\u0131z\u0131lay olarak ihtiya\u00e7 sahiplerinin ve bir ba\u015f\u0131na ya\u015fayan b\u00fcy\u00fcklerimizin her g\u00fcn kap\u0131s\u0131n\u0131 \u00e7al\u0131p s\u0131cak yemek g\u00f6t\u00fcrebiliyor, o bir ba\u015f\u0131nal\u0131k duygusunu hafifletebiliyorsak bu a\u015fevlerimiz sayesinde m\u00fcmk\u00fcn oluyor.\u00a0Adana\u2019da a\u00e7\u0131l\u0131\u015f\u0131n\u0131 ger\u00e7ekle\u015ftirdi\u011fimiz Fatma-Arif Zalo\u011flu A\u015fevimiz, ola\u011fan d\u00f6nemde g\u00fcnl\u00fck 3 \u00e7e\u015fit yemekle 3 bin ki\u015filik kapasiteyle hizmet verecek. Bunun yan\u0131nda a\u015fevimiz, afet ve acil durumlarda b\u00f6lge i\u00e7in \u00f6nemli bir beslenme \u00fcss\u00fc olarak g\u00f6rev \u00fcstlenecek; tek seferde 11 bin ki\u015filik yemek \u00fcretme kapasitesiyle ihtiya\u00e7 anlar\u0131nda \u00e7ok g\u00fc\u00e7l\u00fc bir destek sa\u011flayacak. A\u015fevimizin hayata ge\u00e7mesini sa\u011flayan ba\u011f\u0131\u015f\u00e7\u0131m\u0131z\u0131n merhum anne-babas\u0131n\u0131n ismini ta\u015f\u0131yan Fatma-Arif Zalo\u011flu A\u015fevimizin hay\u0131rl\u0131 olmas\u0131n\u0131 diliyorum.\u201d<\/p>\n<p><strong>Mehmet \u015eef\u2019e te\u015fekk\u00fcr<\/strong><\/p>\n<p>Genel Ba\u015fkan Y\u0131lmaz, a\u00e7\u0131l\u0131\u015fa kat\u0131lan \u015eef Mehmet Yal\u00e7\u0131nkaya\u2019ya da ayr\u0131ca te\u015fekk\u00fcr ederek, \u201cMehmet \u015eef deprem b\u00f6lgesini hi\u00e7bir zaman yaln\u0131z b\u0131rakmad\u0131. \u2018\u0130yilikle Pi\u015fen Hayatlar\u2019 projemize destek verdi, Kahramanmara\u015f&#8217;ta afetzedeler i\u00e7in bizzat yemek yapt\u0131. \u201881 \u0130lde 81 A\u015fevi\u2019 kampanyam\u0131z\u0131n y\u00fcz\u00fc oldu. Kampanya filminde yer alarak bu dayan\u0131\u015fma hareketini milyonlara ta\u015f\u0131d\u0131. Mehmet \u015eef, t\u00fcm bu desteklerin i\u00e7in, bug\u00fcn burada oldu\u011fun i\u00e7in y\u00fcrekten te\u015fekk\u00fcr ediyorum\u201d diye konu\u015ftu.<\/p>\n<p><strong>Binlerce ki\u015fi tarihi Ta\u015fk\u00f6pr\u00fc\u2019de iftar yapt\u0131<\/strong><\/p>\n<p>T\u00fcrk K\u0131z\u0131lay, a\u015fevi a\u00e7\u0131l\u0131\u015f\u0131n\u0131n ard\u0131ndan tarihi Ta\u015fk\u00f6pr\u00fc\u2019de iftar sofras\u0131 kurdu. Binlerce ki\u015fi ayn\u0131 sofrada bulu\u015farak, Ramazan\u2019\u0131n bereketini payla\u015ft\u0131.<\/p>\n<p><strong>Katk\u0131 sunmak isteyenler i\u00e7in ba\u011f\u0131\u015f kanallar\u0131 mevcut<\/strong><\/p>\n<p>K\u0131z\u0131lay\u2019\u0131n Ramazan ay\u0131 boyunca kurdu\u011fu karde\u015flik sofralar\u0131na katk\u0131 sunmak isteyen hay\u0131rseverler pek \u00e7ok kanaldan ba\u011f\u0131\u015f yapabiliyor. A\u015fevlerine destek olmak isteyenler 240 TL \u00f6\u011f\u00fcn bedeli ve katlar\u0131 olacak \u015fekilde katk\u0131 sunabiliyor. Ba\u011f\u0131\u015flar\u0131n\u0131 K\u0131z\u0131lay\u2019a yapmak isteyenler fitre, fidye, iftar ya da sahur yaz\u0131p 1877\u2019ye g\u00f6nderebilir.\u00a0Ayr\u0131ca kizilay.org.tr internet sitesi \u00fczerinden, kolay ba\u011f\u0131\u015f uygulamas\u0131ndan, t\u00fcm bankalardan, mobil bankac\u0131l\u0131ktan, \u015fubeler ve temsilcilikler arac\u0131l\u0131\u011f\u0131yla ya da 168 \u00e7a\u011fr\u0131 merkezini arayarak da K\u0131z\u0131lay\u2019a ba\u011f\u0131\u015f ula\u015ft\u0131rmak m\u00fcmk\u00fcn.<\/p>\n<p>\u00a0<\/p>\n<p>Kaynak: (BYZHA) Beyaz Haber Ajans\u0131<\/p>\n","protected":false},"excerpt":{"rendered":"<p>\u201cBu Ramazan\u2019da da Bir Ba\u015f\u0131na Olanlar\u0131n Yan\u0131 Ba\u015f\u0131nday\u0131z\u201d slogan\u0131yla Ramazan bereketini milyonlar\u0131n sofras\u0131na ta\u015f\u0131yan T\u00fcrk K\u0131z\u0131lay, yeni a\u015fevleriyle iyili\u011fi daha fazla haneye ula\u015ft\u0131rmaya devam ediyor.<\/p>\n","protected":false},"author":1,"featured_media":3525,"comment_status":"open","ping_status":"open","sticky":false,"template":"","format":"standard","meta":{"footnotes":""},"categories":[20],"tags":[],"class_list":["post-3524","post","type-post","status-publish","format-standard","has-post-thumbnail","hentry","category-gundem"],"_links":{"self":[{"href":"https:\/\/akdenizolay.com.tr\/index.php\/wp-json\/wp\/v2\/posts\/3524","targetHints":{"allow":["GET"]}}],"collection":[{"href":"https:\/\/akdenizolay.com.tr\/index.php\/wp-json\/wp\/v2\/posts"}],"about":[{"href":"https:\/\/akdenizolay.com.tr\/index.php\/wp-json\/wp\/v2\/types\/post"}],"author":[{"embeddable":true,"href":"https:\/\/akdenizolay.com.tr\/index.php\/wp-json\/wp\/v2\/users\/1"}],"replies":[{"embeddable":true,"href":"https:\/\/akdenizolay.com.tr\/index.php\/wp-json\/wp\/v2\/comments?post=3524"}],"version-history":[{"count":1,"href":"https:\/\/akdenizolay.com.tr\/index.php\/wp-json\/wp\/v2\/posts\/3524\/revisions"}],"predecessor-version":[{"id":3526,"href":"https:\/\/akdenizolay.com.tr\/index.php\/wp-json\/wp\/v2\/posts\/3524\/revisions\/3526"}],"wp:featuredmedia":[{"embeddable":true,"href":"https:\/\/akdenizolay.com.tr\/index.php\/wp-json\/wp\/v2\/media\/3525"}],"wp:attachment":[{"href":"https:\/\/akdenizolay.com.tr\/index.php\/wp-json\/wp\/v2\/media?parent=3524"}],"wp:term":[{"taxonomy":"category","embeddable":true,"href":"https:\/\/akdenizolay.com.tr\/index.php\/wp-json\/wp\/v2\/categories?post=3524"},{"taxonomy":"post_tag","embeddable":true,"href":"https:\/\/akdenizolay.com.tr\/index.php\/wp-json\/wp\/v2\/tags?post=3524"}],"curies":[{"name":"wp","href":"https:\/\/api.w.org\/{rel}","templated":true}]}}