{"id":3527,"date":"2026-03-14T07:19:52","date_gmt":"2026-03-14T07:19:52","guid":{"rendered":"https:\/\/akdenizolay.com.tr\/index.php\/2026\/03\/14\/dsiden-egenin-incisine-80-2-milyarlik-yatirim\/"},"modified":"2026-03-14T07:19:53","modified_gmt":"2026-03-14T07:19:53","slug":"dsiden-egenin-incisine-80-2-milyarlik-yatirim","status":"publish","type":"post","link":"https:\/\/akdenizolay.com.tr\/index.php\/2026\/03\/14\/dsiden-egenin-incisine-80-2-milyarlik-yatirim\/","title":{"rendered":"DS\u0130\u2019den Ege\u2019nin \u0130ncisine 80.2 Milyarl\u0131k Yat\u0131r\u0131m"},"content":{"rendered":"\n<p class=\"MsoNoSpacing\" style=\"margin-bottom:11px\"><span style=\"font-size:11pt\"><span style=\"line-height:115%\"><span style=\"font-family:Calibri,sans-serif\"><i><span style=\"font-size:12.0pt\"><span style=\"line-height:115%\"><span style=\",serif\"><span style=\"color:black\">Ege\u2019nin incisi \u0130zmir\u2019in yar\u0131nlar\u0131na sahip \u00e7\u0131kmak ad\u0131na ba\u015flatt\u0131klar\u0131 su seferberli\u011fi kapsam\u0131nda son 23 y\u0131lda il genelinde 80.2 milyar liral\u0131k yat\u0131r\u0131m yapt\u0131klar\u0131n\u0131 a\u00e7\u0131klayan DS\u0130 Genel M\u00fcd\u00fcr\u00fc Mehmet Akif Balta, tam 223 su tesisini vatanda\u015flar\u0131m\u0131z\u0131n hizmetine sunduklar\u0131n\u0131 s\u00f6yledi.<\/span><\/span><\/span><\/span><\/i><\/span><\/span><\/span><\/p>\n<p class=\"MsoNoSpacing\" style=\"margin-bottom:11px;text-align:justify\"><span style=\"font-size:11pt\"><span style=\"line-height:115%\"><span style=\"font-family:Calibri,sans-serif\"><b><span style=\"font-size:12.0pt\"><span style=\"line-height:115%\"><span style=\",serif\"><span style=\"color:black\">Tar\u0131m ve Orman Bakanl\u0131\u011f\u0131 Devlet Su \u0130\u015fleri (DS\u0130) Genel M\u00fcd\u00fcrl\u00fc\u011f\u00fc, tar\u0131mda modern sulamay\u0131 yayg\u0131nla\u015ft\u0131rmak, toplula\u015ft\u0131rma \u00e7al\u0131\u015fmalar\u0131yla tar\u0131m arazilerinden en y\u00fcksek fayday\u0131 sa\u011flamak, musluklara sa\u011fl\u0131kl\u0131 ve i\u00e7ilebilir su ula\u015ft\u0131rmak ve yerle\u015fim yerleri ile tar\u0131m arazilerini ta\u015fk\u0131n risklerine kar\u015f\u0131 korumak i\u00e7in t\u00fcm g\u00fcc\u00fcyle \u00e7al\u0131\u015f\u0131rken, s\u00fcrd\u00fcr\u00fclebilir su y\u00f6netimi anlay\u0131\u015f\u0131yla da suyun her damlas\u0131na sahip \u00e7\u0131k\u0131yor.<\/span><\/span><\/span><\/span><\/b><\/span><\/span><\/span><\/p>\n<p class=\"MsoNoSpacing\" style=\"margin-bottom:16px;text-align:justify\"><span style=\"font-size:11pt\"><span style=\"line-height:115%\"><span style=\"font-family:Calibri,sans-serif\"><b><span style=\"font-size:12.0pt\"><span style=\"line-height:115%\"><span style=\",serif\"><span style=\"color:black\">Son y\u0131llarda etkileri g\u00fc\u00e7l\u00fc \u015fekilde hissedilen k\u00fcresel \u0131s\u0131nma ve iklim de\u011fi\u015fikli\u011fi suyun ve su yap\u0131lar\u0131n\u0131n \u00f6nemini her ge\u00e7en g\u00fcn daha da art\u0131\u011f\u0131n\u0131n alt\u0131n\u0131 \u00e7izen DS\u0130 Genel M\u00fcd\u00fcr\u00fc Mehmet Akif BALTA, \u2019\u0130klim de\u011fi\u015fikli\u011finin etkisiyle suyun zamansal ve mek\u00e2nsal da\u011f\u0131l\u0131m\u0131nda ya\u015fanan belirsizlikler ve a\u015f\u0131r\u0131l\u0131klar suya ba\u011fl\u0131 afetlerin hem say\u0131s\u0131nda hem etkinlik alan\u0131nda hem de \u015fiddetinde art\u0131\u015flara sebep olmaktad\u0131r. Bu \u00e7er\u00e7evede ba\u015fta depolama tesislerimiz olmak \u00fczere in\u015fa ederek ekonomik ve sosyal ya\u015fama kazand\u0131rd\u0131\u011f\u0131m\u0131z t\u00fcm su yap\u0131lar\u0131 kritik bir \u00f6neme sahiptir.<\/span><\/span><\/span><\/span><\/b><\/span><\/span><\/span><\/p>\n<p class=\"MsoNoSpacing\" style=\"margin-bottom:16px;text-align:justify\"><span style=\"font-size:11pt\"><span style=\"line-height:115%\"><span style=\"font-family:Calibri,sans-serif\"><b><span style=\"font-size:12.0pt\"><span style=\"line-height:115%\"><span style=\",serif\"><span style=\"color:black\">\u00d6zellikle kurak periyotlarda vatanda\u015flar\u0131m\u0131z\u0131n ve t\u00fcm sekt\u00f6rlerin en b\u00fcy\u00fck g\u00fcvencesi olan depolama tesislerimiz b\u00fcy\u00fck \u00f6nem ta\u015f\u0131maktad\u0131r. Havza \u00f6zelliklerine g\u00f6re planlad\u0131\u011f\u0131m\u0131z su depolama tesisleri, t\u00fcm sistemin sigortas\u0131 olarak su \u00e7evriminin en \u00f6nemli halkas\u0131n\u0131 te\u015fkil etmekte hem kurakl\u0131k hem de ta\u015fk\u0131n gibi ekstrem hidrolojik olaylar kar\u015f\u0131s\u0131nda toplumsal ve ekonomik direnci art\u0131ran hayati altyap\u0131 tesisleri olarak \u00f6ne \u00e7\u0131kmaktad\u0131r. \u2018\u2019dedi.<\/span><\/span><\/span><\/span><\/b><\/span><\/span><\/span><\/p>\n<p class=\"MsoNoSpacing\" style=\"margin-bottom:16px;text-align:justify\"><span style=\"font-size:11pt\"><span style=\"line-height:115%\"><span style=\"font-family:Calibri,sans-serif\"><b><span style=\"font-size:12.0pt\"><span style=\"line-height:115%\"><span style=\",serif\"><span style=\"color:black\">Suyu depolamak kadar \u00f6nemli olan bir di\u011fer husus, suyu asgari kay\u0131pla son kullan\u0131c\u0131s\u0131na iletmek oldu\u011funu ifade eden DS\u0130 Genel M\u00fcd\u00fcr\u00fc Mehmet Akif BALTA, \u2019Bu \u00e7er\u00e7evede, suyun \u00fclkemizde ve d\u00fcnyada en \u00e7ok t\u00fcketildi\u011fi sekt\u00f6r olan tar\u0131m sekt\u00f6r\u00fcnde hayata ge\u00e7irdi\u011fimiz modern uygulamalarla bu alanda \u00f6nemli ilerleme kaydedilmi\u015ftir. \u00d6zellikle bas\u0131n\u00e7l\u0131 borulu sulama sistemlerinin yayg\u0131nla\u015ft\u0131r\u0131lmas\u0131, yapay zeka destekli sulama otomasyonu uygulamalar\u0131 ve elektronik \u00f6l\u00e7\u00fcm sistemi (saya\u00e7) tak\u0131lan sulama tesisi say\u0131s\u0131n\u0131n art\u0131r\u0131lmas\u0131yla suyun verimli kullan\u0131m\u0131 ad\u0131na \u00e7ok \u00f6nemli ad\u0131mlar at\u0131ld\u0131\u011f\u0131n\u0131 belirtti.<\/span><\/span><\/span><\/span><\/b><\/span><\/span><\/span><\/p>\n<p class=\"MsoNoSpacing\" style=\"margin-bottom:16px;text-align:justify\"><span style=\"font-size:11pt\"><span style=\"line-height:115%\"><span style=\"font-family:Calibri,sans-serif\"><b><span style=\"font-size:12.0pt\"><span style=\"line-height:115%\"><span style=\",serif\"><span style=\"color:black\">DS\u0130 Genel M\u00fcd\u00fcr\u00fc Mehmet Akif BALTA,\u2019 G\u00fcn\u00fcm\u00fczde suyla alakal\u0131 meselelerde madalyonun bir y\u00fcz\u00fcnde kurakl\u0131k varken di\u011fer y\u00fcz\u00fcnde ta\u015fk\u0131nlar\u0131n yer ald\u0131\u011f\u0131n\u0131 belirterek. Suyun verimli kullan\u0131m\u0131 ne kadar \u00f6nemli ise ta\u015fan sular\u0131n kontrol\u00fc de o denli \u00f6nemlidir. Bu \u00e7er\u00e7evede say\u0131lar\u0131n\u0131 h\u0131zla art\u0131rd\u0131\u011f\u0131m\u0131z yenilik\u00e7i ta\u015fk\u0131n kontrol tesislerimiz ve ta\u015fk\u0131n erken uyar\u0131 sistemlerimizle ta\u015fk\u0131n zararlar\u0131n\u0131n asgariye d\u00fc\u015f\u00fcr\u00fclmesi hususunda \u00f6nemli ba\u015far\u0131lar elde ediyor, rekor denilebilecek nitelikteki ya\u011f\u0131\u015flarda can ve mal kay\u0131plar\u0131n\u0131n \u00f6n\u00fcne ge\u00e7iyoruz. \u2018\u2019dedi.<\/span><\/span><\/span><\/span><\/b><\/span><\/span><\/span><\/p>\n<p align=\"center\" class=\"MsoNoSpacing\" style=\"margin-bottom:11px;text-align:center\"><span style=\"font-size:11pt\"><span style=\"line-height:115%\"><span style=\"font-family:Calibri,sans-serif\"><b><span style=\"font-size:14.0pt\"><span style=\"line-height:115%\"><span style=\",serif\"><span style=\"color:black\">\u201c\u0130zmir ekonomisine y\u0131lda 7,9 milyar liral\u0131k katk\u0131\u201d<\/span><\/span><\/span><\/span><\/b><\/span><\/span><\/span><\/p>\n<p style=\"text-align:justify;margin-bottom:11px\"><span style=\"font-size:11pt\"><span style=\"line-height:115%\"><span style=\"font-family:Calibri,sans-serif\"><span style=\"font-size:12.0pt\"><span style=\"line-height:115%\"><span style=\",serif\"><span style=\"color:black\">23 y\u0131l \u00f6nce \u201cSu vatand\u0131r\u201d slogan\u0131yla ba\u015flatt\u0131klar\u0131 yat\u0131r\u0131m seferberli\u011fi ile \u0130zmir\u2019in her damla suyuna sahip \u00e7\u0131kt\u0131klar\u0131n\u0131 kaydeden <\/span><\/span><\/span><\/span><b><span style=\"font-size:12.0pt\"><span style=\"line-height:115%\"><span style=\",serif\"><span style=\"color:black\">DS\u0130 Genel M\u00fcd\u00fcr\u00fc Mehmet Akif BALTA,<\/span><\/span><\/span><\/span><\/b><span style=\"font-size:12.0pt\"><span style=\"line-height:115%\"><span style=\",serif\"><span style=\"color:black\"> hayata ge\u00e7irilen rantbl ve etkin projelerle b\u00f6lge ve \u00fclke ekonomisine b\u00fcy\u00fck katk\u0131 sa\u011flad\u0131klar\u0131n\u0131 s\u00f6yledi. <\/span><\/span><\/span><\/span><b><span style=\"font-size:12.0pt\"><span style=\"line-height:115%\"><span style=\",serif\"><span style=\"color:black\">DS\u0130 Genel M\u00fcd\u00fcr\u00fc Mehmet Akif BALTA, \u201c<\/span><\/span><\/span><\/span><\/b><span style=\"font-size:12.0pt\"><span style=\"line-height:115%\"><span style=\",serif\"><span style=\"color:black\">Son 23 y\u0131lda \u0130zmir\u2019e 80.22 milyar liral\u0131k yat\u0131r\u0131m yapt\u0131k. 223 su tesisini vatanda\u015flar\u0131m\u0131z\u0131n hizmetine sunduk. Bu tesisler sayesinde b\u00f6lge ve \u00fclke ekonomisine y\u0131lda ortalama 7,98 milyar lira ilave katk\u0131 sa\u011fl\u0131yoruz. Hem \u00fclkemiz hem \u00e7ift\u00e7imiz kazan\u0131yor.\u201d diye konu\u015ftu.<\/span><\/span><\/span><\/span><\/span><\/span><\/span><\/p>\n<p align=\"center\" class=\"MsoNoSpacing\" style=\"margin-bottom:11px;text-align:center\"><span style=\"font-size:11pt\"><span style=\"line-height:115%\"><span style=\"font-family:Calibri,sans-serif\"><b><span style=\"font-size:14.0pt\"><span style=\"line-height:115%\"><span style=\",serif\"><span style=\"color:black\">\u201c\u0130zmir\u2019e y\u0131lda 74 milyon m\u00b3 i\u00e7me suyu sa\u011fl\u0131yoruz\u201d<\/span><\/span><\/span><\/span><\/b><\/span><\/span><\/span><\/p>\n<p class=\"MsoNoSpacing\" style=\"margin-bottom:16px;text-align:justify\"><span style=\"font-size:11pt\"><span style=\"line-height:115%\"><span style=\"font-family:Calibri,sans-serif\"><span style=\"font-size:12.0pt\"><span style=\"line-height:115%\"><span style=\",serif\"><span style=\"color:black\">\u0130zmir\u2019in i\u00e7me suyu problemini \u00e7\u00f6zmek amac\u0131yla son 23 y\u0131lda kente 4 i\u00e7mesuyu tesisi in\u015fa edildi\u011fini vurgulayan <b>DS\u0130 Genel M\u00fcd\u00fcr\u00fc Mehmet Akif Balta,<\/b> bu tesisler sayesinde \u0130zmir\u2019e y\u0131lda 74 milyon m\u00b3 i\u00e7me ve kullanma suyu temin edildi\u011finin alt\u0131n\u0131 \u00e7izdi. <\/span><\/span><\/span><\/span><\/span><\/span><\/span><\/p>\n<p align=\"center\" style=\"text-align:center;margin-bottom:11px\"><span style=\"font-size:11pt\"><span style=\"line-height:115%\"><span style=\"font-family:Calibri,sans-serif\"><b><span style=\"font-size:14.0pt\"><span style=\"line-height:115%\"><span style=\",serif\"><span style=\"color:black\">\u0130zmir 1,1 milyar m\u00b3 su depolama hacmine ula\u015ft\u0131<\/span><\/span><\/span><\/span><\/b><\/span><\/span><\/span><\/p>\n<p style=\"text-align:justify;margin-bottom:11px\"><span style=\"font-size:11pt\"><span style=\"line-height:115%\"><span style=\"font-family:Calibri,sans-serif\"><span style=\"font-size:12.0pt\"><span style=\"line-height:115%\"><span style=\",serif\"><span style=\"color:black\">K\u00fcresel \u0131s\u0131nma ve iklim de\u011fi\u015fikli\u011finin sonu\u00e7lar\u0131ndan \u0130zmir\u2019in daha az etkilenmesi i\u00e7in \u00f6zellikle depolama ve sulama tesislerinin in\u015fas\u0131na a\u011f\u0131rl\u0131k verdiklerini kaydeden <\/span><\/span><\/span><\/span><b><span style=\"font-size:12.0pt\"><span style=\"line-height:115%\"><span style=\",serif\"><span style=\"color:black\">DS\u0130 Genel M\u00fcd\u00fcr\u00fc Mehmet Akif Balta<\/span><\/span><\/span><\/span><\/b><span style=\"font-size:12.0pt\"><span style=\"line-height:115%\"><span style=\",serif\"><span style=\"color:black\">, \u201c2003 y\u0131l\u0131ndan bu yana \u0130zmir\u2019e 36 baraj, 10 g\u00f6let ve 9 da yeralt\u0131 depolama tesisi kazand\u0131rd\u0131k. Bu 55 tesis toplam 556 milyon m\u00b3 su depolama hacmine sahip. \u0130zmir\u2019de toplam depolama hacmimiz ise 1 milyar 104 milyon m\u00b3\u2019e ula\u015ft\u0131\u201d dedi.<\/span><\/span><\/span><\/span><\/span><\/span><\/span><\/p>\n<p style=\"text-align:justify;margin-bottom:11px\"><span style=\"font-size:11pt\"><span style=\"line-height:115%\"><span style=\"font-family:Calibri,sans-serif\"><span style=\"font-size:12.0pt\"><span style=\"line-height:115%\"><span style=\",serif\"><span style=\"color:black\">\u0130zmir\u2019in \u00f6zellikle K\u00fc\u00e7\u00fck Menderes ve Bak\u0131r\u00e7ay gibi \u00fclkenin en verimli havzalar\u0131na sahip oldu\u011funu vurgulayan <\/span><\/span><\/span><\/span><b><span style=\"font-size:12.0pt\"><span style=\"line-height:115%\"><span style=\",serif\"><span style=\"color:black\">DS\u0130 Genel M\u00fcd\u00fcr\u00fc Mehmet Akif Balta,<\/span><\/span><\/span><\/span><\/b><span style=\"font-size:12.0pt\"><span style=\"line-height:115%\"><span style=\",serif\"><span style=\"color:black\">\u201d T\u00fcrk tar\u0131m\u0131n\u0131 d\u00fcnya ile rekabet edebilir bir hale getirmek ve \u00fcreticiyi kalk\u0131nd\u0131rmak amac\u0131yla ba\u015flatt\u0131\u011f\u0131m\u0131z \u00e7al\u0131\u015fmalar sonucunda\u00a0 \u00a0\u0130zmir kent genelinde 53 sulama tesisi in\u015faat\u0131n\u0131 tamamlad\u0131k. 470.188 dekar araziyi sulamaya a\u00e7t\u0131k. Bu tesisler sayesinde \u00fcreticimize her y\u0131l 7,88 milyar lira daha fazla kazand\u0131r\u0131yoruz.\u201d \u015feklinde konu\u015ftu.<\/span><\/span><\/span><\/span><\/span><\/span><\/span><\/p>\n<p align=\"center\" style=\"text-align:center;margin-bottom:11px\"><span style=\"font-size:11pt\"><span style=\"line-height:115%\"><span style=\"font-family:Calibri,sans-serif\"><b><span style=\"font-size:14.0pt\"><span style=\"line-height:115%\"><span style=\",serif\"><span style=\"color:black\">110 ta\u015fk\u0131n koruma tesisi in\u015fa ettik<\/span><\/span><\/span><\/span><\/b><\/span><\/span><\/span><\/p>\n<p style=\"text-align:justify;margin-bottom:11px\"><span style=\"font-size:11pt\"><span style=\"line-height:115%\"><span style=\"font-family:Calibri,sans-serif\"><span style=\"font-size:12.0pt\"><span style=\"line-height:115%\"><span style=\",serif\"><span style=\"color:black\">Ta\u015fk\u0131n ve su bask\u0131nlar\u0131na kar\u015f\u0131 vatanda\u015f\u0131n can ve mal g\u00fcvenli\u011fini sa\u011flamak amac\u0131yla \u0130zmir\u2019in d\u00f6rt yan\u0131ndaki dere ve nehir yataklar\u0131nda s\u00fcrekli temizlik ve \u0131slah \u00e7al\u0131\u015fmas\u0131 y\u00fcr\u00fctt\u00fcklerini ifade eden <\/span><\/span><\/span><\/span><b><span style=\"font-size:12.0pt\"><span style=\"line-height:115%\"><span style=\",serif\"><span style=\"color:black\">DS\u0130 Genel M\u00fcd\u00fcr\u00fc Mehmet Akif Balta<\/span><\/span><\/span><\/span><\/b><span style=\"font-size:12.0pt\"><span style=\"line-height:115%\"><span style=\",serif\"><span style=\"color:black\">, <\/span><\/span><\/span><\/span><span style=\"font-size:12.0pt\"><span style=\"line-height:115%\"><span style=\",serif\"><span style=\"color:black\">110 ta\u015fk\u0131n kontrol tesisinin i\u015fletmeye al\u0131nd\u0131\u011f\u0131n\u0131 s\u00f6yledi.<\/span><\/span><\/span><\/span><\/span><\/span><\/span><\/p>\n<p style=\"text-align:justify;margin-bottom:11px\"><span style=\"font-size:11pt\"><span style=\"line-height:115%\"><span style=\"font-family:Calibri,sans-serif\"><span style=\"font-size:12.0pt\"><span style=\"line-height:115%\"><span style=\",serif\"><span style=\"color:black\">Ayr\u0131ca \u0130zmir kent genelinde 1 Arazi Toplula\u015ft\u0131rma ve Tarla \u0130\u00e7i Geli\u015ftirme Hizmetleri Projesi projesi y\u00fcr\u00fct\u00fcld\u00fc\u011f\u00fcn\u00fcn de alt\u0131n\u0131 \u00e7izen <\/span><\/span><\/span><\/span><b><span style=\"font-size:12.0pt\"><span style=\"line-height:115%\"><span style=\",serif\"><span style=\"color:black\">DS\u0130 Genel M\u00fcd\u00fcr\u00fc Mehmet Akif Balta<\/span><\/span><\/span><\/span><\/b><span style=\"font-size:12.0pt\"><span style=\"line-height:115%\"><span style=\",serif\"><span style=\"color:black\">, <\/span><\/span><\/span><\/span><span style=\"font-size:12.0pt\"><span style=\"line-height:115%\"><span style=\",serif\"><span style=\"color:black\">100.950 dekar arazideki tescil i\u015flemlerinin tamamland\u0131\u011f\u0131n\u0131 s\u00f6yledi. B\u00f6lge ekonomisine y\u0131lda 107 milyon liral\u0131k zirai gelir art\u0131\u015f\u0131 sa\u011fland\u0131\u011f\u0131n\u0131 anlatt\u0131.<\/span><\/span><\/span><\/span><\/span><\/span><\/span><\/p>\n<p class=\"MsoNoSpacing\" style=\"margin-bottom:16px;text-align:justify\"><span style=\"font-size:11pt\"><span style=\"line-height:115%\"><span style=\"font-family:Calibri,sans-serif\"><b><span style=\"font-size:12.0pt\"><span style=\"line-height:115%\"><span style=\",serif\"><span style=\"color:black\">Genel<\/span><\/span><\/span><\/span><\/b><span style=\"font-size:12.0pt\"><span style=\"line-height:115%\"><span style=\",serif\"><span style=\"color:black\"> <b>M\u00fcd\u00fcr Mehmet Akif BALTA<\/b>; \u201c<b>Biz DS\u0130 olarak suyla alakal\u0131 t\u00fcm alanlarda su vatand\u0131r anlay\u0131\u015f\u0131yla \u00e7al\u0131\u015fmalar\u0131m\u0131za devam ediyor, suyumuzu korumakla vatan\u0131m\u0131z\u0131 korumak aras\u0131nda hi\u00e7bir fark g\u00f6rm\u00fcyoruz. Kulland\u0131\u011f\u0131m\u0131z her damla suyu son damlas\u0131ym\u0131\u015f gibi kullanmam\u0131z\u2019 tavsiyesiyle s\u00f6zlerimi\u00a0noktal\u0131yorum.\u201d dedi.<\/b><\/span><\/span><\/span><\/span><\/span><\/span><\/span><\/p>\n<p class=\"MsoNoSpacing\" style=\"margin-bottom:16px;text-align:justify\">\u00a0<\/p>\n<p>Kaynak: (BYZHA) Beyaz Haber Ajans\u0131<\/p>\n","protected":false},"excerpt":{"rendered":"<p>Ege\u2019nin incisi \u0130zmir\u2019in yar\u0131nlar\u0131na sahip \u00e7\u0131kmak ad\u0131na ba\u015flatt\u0131klar\u0131 su seferberli\u011fi kapsam\u0131nda son 23 y\u0131lda il genelinde 80.<\/p>\n","protected":false},"author":1,"featured_media":3528,"comment_status":"open","ping_status":"open","sticky":false,"template":"","format":"standard","meta":{"footnotes":""},"categories":[21],"tags":[],"class_list":["post-3527","post","type-post","status-publish","format-standard","has-post-thumbnail","hentry","category-ekonomi"],"_links":{"self":[{"href":"https:\/\/akdenizolay.com.tr\/index.php\/wp-json\/wp\/v2\/posts\/3527","targetHints":{"allow":["GET"]}}],"collection":[{"href":"https:\/\/akdenizolay.com.tr\/index.php\/wp-json\/wp\/v2\/posts"}],"about":[{"href":"https:\/\/akdenizolay.com.tr\/index.php\/wp-json\/wp\/v2\/types\/post"}],"author":[{"embeddable":true,"href":"https:\/\/akdenizolay.com.tr\/index.php\/wp-json\/wp\/v2\/users\/1"}],"replies":[{"embeddable":true,"href":"https:\/\/akdenizolay.com.tr\/index.php\/wp-json\/wp\/v2\/comments?post=3527"}],"version-history":[{"count":1,"href":"https:\/\/akdenizolay.com.tr\/index.php\/wp-json\/wp\/v2\/posts\/3527\/revisions"}],"predecessor-version":[{"id":3529,"href":"https:\/\/akdenizolay.com.tr\/index.php\/wp-json\/wp\/v2\/posts\/3527\/revisions\/3529"}],"wp:featuredmedia":[{"embeddable":true,"href":"https:\/\/akdenizolay.com.tr\/index.php\/wp-json\/wp\/v2\/media\/3528"}],"wp:attachment":[{"href":"https:\/\/akdenizolay.com.tr\/index.php\/wp-json\/wp\/v2\/media?parent=3527"}],"wp:term":[{"taxonomy":"category","embeddable":true,"href":"https:\/\/akdenizolay.com.tr\/index.php\/wp-json\/wp\/v2\/categories?post=3527"},{"taxonomy":"post_tag","embeddable":true,"href":"https:\/\/akdenizolay.com.tr\/index.php\/wp-json\/wp\/v2\/tags?post=3527"}],"curies":[{"name":"wp","href":"https:\/\/api.w.org\/{rel}","templated":true}]}}