{"id":3530,"date":"2026-03-14T07:20:00","date_gmt":"2026-03-14T07:20:00","guid":{"rendered":"https:\/\/akdenizolay.com.tr\/index.php\/2026\/03\/14\/baskan-tugay-meslektaslariyla-tip-bayramini-kutladi\/"},"modified":"2026-03-14T07:20:00","modified_gmt":"2026-03-14T07:20:00","slug":"baskan-tugay-meslektaslariyla-tip-bayramini-kutladi","status":"publish","type":"post","link":"https:\/\/akdenizolay.com.tr\/index.php\/2026\/03\/14\/baskan-tugay-meslektaslariyla-tip-bayramini-kutladi\/","title":{"rendered":"Ba\u015fkan Tugay, meslekta\u015flar\u0131yla T\u0131p Bayram\u0131\u2019n\u0131 kutlad\u0131"},"content":{"rendered":"<p> 14 Mart T\u0131p Bayram\u0131 nedeniyle E\u015frefpa\u015fa Hastanesi\u2019nde g\u00f6rev yapan meslekta\u015flar\u0131 ve sa\u011fl\u0131k \u00e7al\u0131\u015fanlar\u0131yla bir araya gelen \u0130zmir B\u00fcy\u00fck\u015fehir Belediye Ba\u015fkan\u0131 Dr. Cemil Tugay, hem hekimlik hem de belediye ba\u015fkanl\u0131\u011f\u0131 d\u00f6nemine dair samimi bir sohbet ger\u00e7ekle\u015ftirdi. Tugay, hekimlik mesle\u011finin bir onur, E\u015frefpa\u015fa Hastanesi\u2019nin ise \u0130zmir i\u00e7in b\u00fcy\u00fck bir \u015fans oldu\u011funu vurgulayarak, \u201cB\u00f6yle de\u011ferli bir hastanenin, b\u00f6yle g\u00fczel bir hekim kadrosunun ayn\u0131 zamanda bir \u00fcst y\u00f6neticisi olarak \u0130zmir halk\u0131 ad\u0131na sizlere \u00e7ok te\u015fekk\u00fcr ediyorum. Hepiniz iyi ki vars\u0131n\u0131z\u201d dedi.<\/p>\n<p>\u0130zmir B\u00fcy\u00fck\u015fehir Belediye Ba\u015fkan\u0131 Dr. Cemil Tugay, 14 Mart T\u0131p Bayram\u0131 vesilesiyle T\u00fcrkiye\u2019nin ilk ve tek belediye hastanesi, 118 y\u0131ll\u0131k E\u015frefpa\u015fa Hastanesi\u2019ni ziyaret etti. Ayn\u0131 zamanda bir hekim olan Ba\u015fkan Tugay, burada meslekta\u015flar\u0131, sa\u011fl\u0131k \u00e7al\u0131\u015fanlar\u0131 ve hastane personeli ile selamla\u015farak bayramlar\u0131n\u0131 kutlad\u0131, hastaneye tedavi olmaya gelen yurtta\u015flarla sohbet etti. E\u015frefpa\u015fa Hastanesi Ba\u015fhekimi Do\u00e7. Dr. Ba\u015fak Bayram\u2019a \u00e7i\u00e7ek takdim eden Ba\u015fkan Tugay, hastane ziyareti s\u0131ras\u0131nda bir s\u00fcrprizle de kar\u015f\u0131la\u015ft\u0131. \u0130zmir Sa\u011f\u0131rlar\u0131 Koruma ve Kalk\u0131nd\u0131rma Derne\u011fi Ba\u015fkan\u0131 Metin Atak, hastanede i\u015faret dili terc\u00fcmanl\u0131\u011f\u0131 hizmetinin ba\u015flamas\u0131 nedeniyle Ba\u015fkan Tugay\u2019a t\u00fcm i\u015fitme engelli ve sa\u011f\u0131r yurtta\u015flar ad\u0131na \u00e7i\u00e7ek verdi. Ziyaret kapsam\u0131nda hastanenin hekimleri ve sa\u011fl\u0131k \u00e7al\u0131\u015fanlar\u0131 da bir araya geldi. Ba\u015fkan Tugay, hem meslek hayat\u0131 hem de belediye ba\u015fkanl\u0131\u011f\u0131na ili\u015fkin meslekta\u015flar\u0131 ile sohbet etti. 1972\u2019de E\u015frefpa\u015fa Hastanesi\u2019nde do\u011fan ve yine E\u015frefpa\u015fa Hastanesi\u2019nde \u00fcroloji uzman\u0131 olarak g\u00f6rev yapan Dr. Ural Hamurcu\u2019ya, E\u015frefpa\u015fa Hastanesi\u2019nde en uzun s\u00fcre g\u00f6rev yapan doktorlara ve hastanedeki en gen\u00e7 hekimlere \u00e7i\u00e7ek takdim edildi. Ba\u015fkan Tugay, ziyareti s\u0131ras\u0131nda Mustafa Kemal Atat\u00fcrk ve \u0130smet \u0130n\u00f6n\u00fc imzas\u0131 ta\u015f\u0131yan, Alman ba\u015fhem\u015fire Margot Konrat\u2019\u0131n E\u015frefpa\u015fa Hastanesi\u2019nde \u00e7al\u0131\u015fma iznine dair farkl\u0131 y\u0131llara ait iki belgeyi de inceledi.<\/p>\n<p><strong>\u201c\u0130nsanlar\u0131n hasta olmamas\u0131 i\u00e7in \u00e7al\u0131\u015fmam\u0131z gerekiyor\u201d<\/strong><\/p>\n<p>Ziyarette hekimler ve sa\u011fl\u0131k \u00e7al\u0131\u015fanlar\u0131yla bir araya gelen \u0130zmir B\u00fcy\u00fck\u015fehir Belediye Ba\u015fkan\u0131 Dr. Cemil Tugay, \u201cHekimlerimiz ve sa\u011fl\u0131k \u00e7al\u0131\u015fanlar\u0131m\u0131z takdir edilesi bir i\u015f yap\u0131yor. \u0130nsanlar\u0131n zor zamanlar\u0131nda onlara rehberlik ediyor ve hayata tekrar ba\u011flanmalar\u0131n\u0131 sa\u011fl\u0131yorlar. B\u00f6yle bir mesle\u011fin \u00fcyesi olmak benim i\u00e7in b\u00fcy\u00fck bir onur. Bu onuru ta\u015f\u0131mak laz\u0131m\u201d dedi.<\/p>\n<p>Sa\u011fl\u0131k sistemine ili\u015fkin de de\u011ferlendirmelerde bulunan Tugay, \u201c\u00dclkemizin sa\u011fl\u0131k sistemini y\u00f6netenler, hekimlerin ve sa\u011fl\u0131k \u00e7al\u0131\u015fanlar\u0131n\u0131n de\u011ferini yeterince bilmiyor gibi g\u00f6r\u00fcn\u00fcyor. Burada \u00e7ok \u00fcz\u00fclen, y\u0131pranan insanlar, ne kadar yara alsalar da aya\u011fa kalk\u0131p i\u015flerine devam ediyor. Sa\u011fl\u0131k sorunu, \u00fclkemizin en b\u00fcy\u00fck sorunlar\u0131ndan biri. Gittik\u00e7e sa\u011fl\u0131ks\u0131zla\u015fan bir toplumumuz var. \u0130nsanlar\u0131n hasta olmamas\u0131 i\u00e7in \u00e7al\u0131\u015fmam\u0131z gerekiyor. Koruyucu hekimlik ve toplum sa\u011fl\u0131\u011f\u0131 hizmeti \u00e7ok \u00f6nemli\u201d diye konu\u015ftu.<\/p>\n<p><strong>\u201cBu hastane b\u00fcy\u00fck \u015fans\u201d<\/strong><\/p>\n<p>\u0130zmir B\u00fcy\u00fck\u015fehir Belediyesi\u2019nin bir hastanesinin olmas\u0131n\u0131n b\u00fcy\u00fck bir \u015fans oldu\u011funu vurgulayan Ba\u015fkan Tugay, \u201cBu hastane en \u00e7ok da \u0130zmir halk\u0131 i\u00e7in bir \u015fans. \u0130zmir B\u00fcy\u00fck\u015fehir Belediye Ba\u015fkan\u0131 olarak b\u00f6yle de\u011ferli bir hastanenin, b\u00f6yle g\u00fczel bir hekim kadrosunun ayn\u0131 zamanda bir \u00fcst y\u00f6neticisi olarak \u0130zmir halk\u0131 ad\u0131na sizlere \u00e7ok te\u015fekk\u00fcr ediyorum. T\u0131p Bayram\u0131\u2019n\u0131z kutlu olsun. Hepiniz iyi ki vars\u0131n\u0131z\u201d diye konu\u015ftu.<\/p>\n<p><strong>\u201cSize g\u00fcveniyorum\u201d<\/strong><\/p>\n<p>E\u015frefpa\u015fa Hastanesi\u2019nin ek hizmet binas\u0131n\u0131n bu sene i\u00e7inde tamamlanaca\u011f\u0131n\u0131 ifade eden Ba\u015fkan Tugay, E\u015frefpa\u015fa Hastanesi Ba\u015fhekimi Do\u00e7. Dr. Ba\u015fak Bayram\u2019\u0131n \u201cHastaneden beklentileriniz nedir\u201d sorusuna kar\u015f\u0131l\u0131k diyabetik yara bak\u0131m\u0131, aile planlamas\u0131, koruyucu hekimlik \u00e7al\u0131\u015fmalar\u0131 gibi alanlarda daha fazla hizmet verilmesini istedi\u011fini belirtti. Tugay, \u201cTaramalar\u0131 daha \u00e7ok yapal\u0131m, diyabet fark\u0131ndal\u0131k merkezlerini yayg\u0131nla\u015ft\u0131ral\u0131m. Ben sizlere g\u00fcveniyorum. \u0130nsanlara iyi sa\u011fl\u0131k hizmeti verelim. Burada bulundu\u011fum s\u00fcre i\u00e7inde ben bunun g\u00fcvencesiyim\u201d dedi.<\/p>\n<p><strong>Hekimlerle samimi sohbet<\/strong><\/p>\n<p>Hekimlik d\u00f6nemine dair meslekta\u015flar\u0131n\u0131n sorular\u0131n\u0131 yan\u0131tlayan \u0130zmir B\u00fcy\u00fck\u015fehir Belediye Ba\u015fkan\u0131 Dr. Cemil Tugay, cerrahiyi severek yapt\u0131\u011f\u0131n\u0131 belirterek, \u201cAmeliyatta her \u015feyin yolunda gitti\u011fi son a\u015famadaki duyguyu ger\u00e7ekten \u00f6zledim. Ameliyat etti\u011fim t\u00fcm hastalar\u0131n pansuman\u0131n\u0131 da kendim yapard\u0131m. Pansuman s\u0131ras\u0131nda hasta ile sohbet etmek \u00e7ok keyifliydi; o anlar insan olarak \u00e7ok ho\u015ftu. Belediye ba\u015fkanl\u0131\u011f\u0131nda da bu insani duygular\u0131 farkl\u0131 bir boyutuyla ya\u015f\u0131yorsunuz. 4,5 milyonluk bu \u015fehirde 4,5 milyon hik\u00e2ye var. Elimden gelenin en iyisini yapmaya \u00e7al\u0131\u015f\u0131yorum. Hep daha iyisi i\u00e7in devam etmek laz\u0131m. Hi\u00e7bir belediye ba\u015fkan\u0131 tek ba\u015f\u0131na iyi olamaz; ancak \u00e7al\u0131\u015fma arkada\u015flar\u0131yla ayn\u0131 hissi payla\u015f\u0131rsa ba\u015far\u0131l\u0131 olur\u201d dedi.<\/p>\n<p>Ziyaretin ard\u0131ndan Ba\u015fkan Tugay ve E\u015frefpa\u015fa Hastanesi hekimleri ile sa\u011fl\u0131k \u00e7al\u0131\u015fanlar\u0131 14 Mart T\u0131p Bayram\u0131 an\u0131s\u0131na foto\u011fraf \u00e7ektirdi.<\/p>\n<p>\u00a0<\/p>\n<p>\u00a0<\/p>\n<p>Kaynak: (BYZHA) Beyaz Haber Ajans\u0131<\/p>\n","protected":false},"excerpt":{"rendered":"<p>14 Mart T\u0131p Bayram\u0131 nedeniyle E\u015frefpa\u015fa Hastanesi\u2019nde g\u00f6rev yapan meslekta\u015flar\u0131 ve sa\u011fl\u0131k \u00e7al\u0131\u015fanlar\u0131yla bir araya gelen \u0130zmir B\u00fcy\u00fck\u015fehir Belediye Ba\u015fkan\u0131 Dr.<\/p>\n","protected":false},"author":1,"featured_media":3531,"comment_status":"open","ping_status":"open","sticky":false,"template":"","format":"standard","meta":{"footnotes":""},"categories":[23],"tags":[],"class_list":["post-3530","post","type-post","status-publish","format-standard","has-post-thumbnail","hentry","category-saglik"],"_links":{"self":[{"href":"https:\/\/akdenizolay.com.tr\/index.php\/wp-json\/wp\/v2\/posts\/3530","targetHints":{"allow":["GET"]}}],"collection":[{"href":"https:\/\/akdenizolay.com.tr\/index.php\/wp-json\/wp\/v2\/posts"}],"about":[{"href":"https:\/\/akdenizolay.com.tr\/index.php\/wp-json\/wp\/v2\/types\/post"}],"author":[{"embeddable":true,"href":"https:\/\/akdenizolay.com.tr\/index.php\/wp-json\/wp\/v2\/users\/1"}],"replies":[{"embeddable":true,"href":"https:\/\/akdenizolay.com.tr\/index.php\/wp-json\/wp\/v2\/comments?post=3530"}],"version-history":[{"count":1,"href":"https:\/\/akdenizolay.com.tr\/index.php\/wp-json\/wp\/v2\/posts\/3530\/revisions"}],"predecessor-version":[{"id":3532,"href":"https:\/\/akdenizolay.com.tr\/index.php\/wp-json\/wp\/v2\/posts\/3530\/revisions\/3532"}],"wp:featuredmedia":[{"embeddable":true,"href":"https:\/\/akdenizolay.com.tr\/index.php\/wp-json\/wp\/v2\/media\/3531"}],"wp:attachment":[{"href":"https:\/\/akdenizolay.com.tr\/index.php\/wp-json\/wp\/v2\/media?parent=3530"}],"wp:term":[{"taxonomy":"category","embeddable":true,"href":"https:\/\/akdenizolay.com.tr\/index.php\/wp-json\/wp\/v2\/categories?post=3530"},{"taxonomy":"post_tag","embeddable":true,"href":"https:\/\/akdenizolay.com.tr\/index.php\/wp-json\/wp\/v2\/tags?post=3530"}],"curies":[{"name":"wp","href":"https:\/\/api.w.org\/{rel}","templated":true}]}}