{"id":3539,"date":"2026-03-14T07:29:12","date_gmt":"2026-03-14T07:29:12","guid":{"rendered":"https:\/\/akdenizolay.com.tr\/index.php\/2026\/03\/14\/balcovada-sehit-yakinlari-ve-gaziler-onuruna-anlamli-iftar\/"},"modified":"2026-03-14T07:29:13","modified_gmt":"2026-03-14T07:29:13","slug":"balcovada-sehit-yakinlari-ve-gaziler-onuruna-anlamli-iftar","status":"publish","type":"post","link":"https:\/\/akdenizolay.com.tr\/index.php\/2026\/03\/14\/balcovada-sehit-yakinlari-ve-gaziler-onuruna-anlamli-iftar\/","title":{"rendered":"Bal\u00e7ova\u2019da \u015fehit yak\u0131nlar\u0131 ve gaziler onuruna anlaml\u0131 iftar"},"content":{"rendered":"<p> Bal\u00e7ova Belediyesi taraf\u0131ndan \u015fehit yak\u0131nlar\u0131 ve gaziler onuruna d\u00fczenlenen iftar program\u0131nda birlik, dayan\u0131\u015fma ve vefa mesajlar\u0131 verildi. Bal\u00e7ova Belediye Ba\u015fkan\u0131 Onur Yi\u011fit ile \u0130zmir B\u00fcy\u00fck\u015fehir Belediye Ba\u015fkan\u0131 Dr. Cemil Tugay\u2019\u0131n kat\u0131ld\u0131\u011f\u0131 programda, \u015fehitlerin emanetlerine sahip \u00e7\u0131kman\u0131n bir sorumluluk oldu\u011fu vurguland\u0131.<\/p>\n<p>Bal\u00e7ova Belediyesi taraf\u0131ndan \u015fehit yak\u0131nlar\u0131 ve gaziler onuruna iftar program\u0131 d\u00fczenlendi. Bal\u00e7ova Termal Otel\u2019de ger\u00e7ekle\u015ftirilen programa \u0130zmir B\u00fcy\u00fck\u015fehir Belediye Ba\u015fkan\u0131 Dr. Cemil Tugay, Bal\u00e7ova Belediye Ba\u015fkan\u0131 Onur Yi\u011fit, Siyasi partilerin temsilciler, Cumhuriyet Halk Partisi Bal\u00e7ova \u0130l\u00e7e Ba\u015fkan\u0131, Murat Ak\u00fcz\u00fcm, meclis \u00fcyeleri, muhtarlar sivil toplum kurulu\u015flar\u0131n\u0131n temsilcileri ile Bal\u00e7ova\u2019da ya\u015fayan \u00e7ok say\u0131da \u015fehit yak\u0131n\u0131 ve gazi kat\u0131ld\u0131.<\/p>\n<p>\u0130ftar program\u0131 \u00f6ncesinde \u0130zmir B\u00fcy\u00fck\u015fehir Belediye Ba\u015fkan\u0131 Dr. Cemil Tugay, Bal\u00e7ova Belediye Ba\u015fkan\u0131 Onur Yi\u011fit ile birlikte salondaki \u015fehit yak\u0131nlar\u0131 ve gazileri tek tek ziyaret ederek\u00a0 M\u00fcbarek Ramazan ay\u0131n\u0131 ve yakla\u015fan Ramazan Bayram\u0131\u2019n\u0131 tebrik etti. Kur\u2019an-\u0131 Kerim tilaveti ve yap\u0131lan dualar\u0131n ard\u0131ndan oru\u00e7lar a\u00e7\u0131ld\u0131.<\/p>\n<p>Programda konu\u015fan Bal\u00e7ova Belediye Ba\u015fkan\u0131 Onur Yi\u011fit, Ramazan ay\u0131n\u0131n birlik ve dayan\u0131\u015fma duygular\u0131n\u0131 g\u00fc\u00e7lendirdi\u011fini belirterek ayn\u0131 sofrada bulu\u015fman\u0131n anlam\u0131na dikkat \u00e7ekti. Yi\u011fit, kamu kaynaklar\u0131n\u0131n halk\u0131n vergileriyle olu\u015ftu\u011funu vurgulayarak yerel y\u00f6netimlerin g\u00f6revinin bu kaynaklar\u0131 adil, \u015feffaf ve e\u015fit bir \u015fekilde halk\u0131n hizmetine sunmak oldu\u011funu ifade etti.<\/p>\n<p>\u0130zmir B\u00fcy\u00fck\u015fehir Belediye Ba\u015fkan\u0131 Dr. Cemil Tugay ise \u015fehitlerin ve gazilerin bu \u00fclkenin \u00f6zg\u00fcrl\u00fc\u011f\u00fc i\u00e7in b\u00fcy\u00fck fedak\u00e2rl\u0131klar yapt\u0131\u011f\u0131n\u0131 belirterek, \u015fehit aileleri ve gazilerin milletin en k\u0131ymetli emanetleri oldu\u011funu s\u00f6yledi. Tugay, onlar\u0131n yan\u0131nda olmay\u0131 bir g\u00f6revden \u00f6te vefa borcu olarak g\u00f6rd\u00fcklerini dile getirdi.<\/p>\n<p>T\u00fcrkiye Muharip Gaziler Derne\u011fi \u0130zmir \u015eube Ba\u015fkan\u0131 Orhan Ayd\u0131n da Ramazan ay\u0131n\u0131n karde\u015fli\u011fi ve payla\u015fmay\u0131 b\u00fcy\u00fcten bir ay oldu\u011funu belirterek Bal\u00e7ova\u2019da kurulan bu sofran\u0131n birlik ve beraberli\u011fi g\u00fc\u00e7lendirdi\u011fini ifade etti.<\/p>\n<p>Program, Ramazan ay\u0131n\u0131n bereketini ve dayan\u0131\u015fma ruhunu payla\u015fan kat\u0131l\u0131mc\u0131lar\u0131n sohbetleriyle sona erdi.<\/p>\n<p>\u00a0<\/p>\n<p>Kaynak: (BYZHA) Beyaz Haber Ajans\u0131<\/p>\n","protected":false},"excerpt":{"rendered":"<p>Bal\u00e7ova Belediyesi taraf\u0131ndan \u015fehit yak\u0131nlar\u0131 ve gaziler onuruna d\u00fczenlenen iftar program\u0131nda birlik, dayan\u0131\u015fma ve vefa mesajlar\u0131 verildi.<\/p>\n","protected":false},"author":1,"featured_media":3540,"comment_status":"open","ping_status":"open","sticky":false,"template":"","format":"standard","meta":{"footnotes":""},"categories":[20],"tags":[],"class_list":["post-3539","post","type-post","status-publish","format-standard","has-post-thumbnail","hentry","category-gundem"],"_links":{"self":[{"href":"https:\/\/akdenizolay.com.tr\/index.php\/wp-json\/wp\/v2\/posts\/3539","targetHints":{"allow":["GET"]}}],"collection":[{"href":"https:\/\/akdenizolay.com.tr\/index.php\/wp-json\/wp\/v2\/posts"}],"about":[{"href":"https:\/\/akdenizolay.com.tr\/index.php\/wp-json\/wp\/v2\/types\/post"}],"author":[{"embeddable":true,"href":"https:\/\/akdenizolay.com.tr\/index.php\/wp-json\/wp\/v2\/users\/1"}],"replies":[{"embeddable":true,"href":"https:\/\/akdenizolay.com.tr\/index.php\/wp-json\/wp\/v2\/comments?post=3539"}],"version-history":[{"count":1,"href":"https:\/\/akdenizolay.com.tr\/index.php\/wp-json\/wp\/v2\/posts\/3539\/revisions"}],"predecessor-version":[{"id":3541,"href":"https:\/\/akdenizolay.com.tr\/index.php\/wp-json\/wp\/v2\/posts\/3539\/revisions\/3541"}],"wp:featuredmedia":[{"embeddable":true,"href":"https:\/\/akdenizolay.com.tr\/index.php\/wp-json\/wp\/v2\/media\/3540"}],"wp:attachment":[{"href":"https:\/\/akdenizolay.com.tr\/index.php\/wp-json\/wp\/v2\/media?parent=3539"}],"wp:term":[{"taxonomy":"category","embeddable":true,"href":"https:\/\/akdenizolay.com.tr\/index.php\/wp-json\/wp\/v2\/categories?post=3539"},{"taxonomy":"post_tag","embeddable":true,"href":"https:\/\/akdenizolay.com.tr\/index.php\/wp-json\/wp\/v2\/tags?post=3539"}],"curies":[{"name":"wp","href":"https:\/\/api.w.org\/{rel}","templated":true}]}}