{"id":3551,"date":"2026-03-14T07:29:28","date_gmt":"2026-03-14T07:29:28","guid":{"rendered":"https:\/\/akdenizolay.com.tr\/index.php\/2026\/03\/14\/nesiller-arasi-saglik-dayanismasi-kalpleri-isitti\/"},"modified":"2026-03-14T07:29:29","modified_gmt":"2026-03-14T07:29:29","slug":"nesiller-arasi-saglik-dayanismasi-kalpleri-isitti","status":"publish","type":"post","link":"https:\/\/akdenizolay.com.tr\/index.php\/2026\/03\/14\/nesiller-arasi-saglik-dayanismasi-kalpleri-isitti\/","title":{"rendered":"Nesiller aras\u0131 sa\u011fl\u0131k dayan\u0131\u015fmas\u0131 kalpleri \u0131s\u0131tt\u0131"},"content":{"rendered":"<p> 14 Mart T\u0131p Bayram\u0131&#8217;nda \u0130zmir\u2019de sa\u011fl\u0131\u011f\u0131n yaln\u0131zca hastaneler de\u011fil, toplumun her kesiminin katk\u0131s\u0131yla g\u00fc\u00e7lendi\u011fini g\u00f6steren anlaml\u0131 bir dayan\u0131\u015fma \u00f6rne\u011fi ortaya \u00e7\u0131kt\u0131. \u0130zmir B\u00fcy\u00fck\u015fehir Belediyesi\u2019nin sa\u011fl\u0131kl\u0131 ebeveynler ve sa\u011fl\u0131kl\u0131 \u00e7ocuklar hedefiyle y\u00fcr\u00fctt\u00fc\u011f\u00fc \u0130zmir 95 Erken \u00c7ocukluk Program\u0131\u2019na, ileri ya\u015fl\u0131 yurtta\u015flardan g\u00f6n\u00fcll\u00fc ve s\u0131cak bir destek geldi.<\/p>\n<p>\u0130zmir B\u00fcy\u00fck\u015fehir Belediyesi\u2019nin sa\u011fl\u0131kl\u0131 ebeveyn ve sa\u011fl\u0131kl\u0131 \u00e7ocuklar hedefiyle y\u00fcr\u00fctt\u00fc\u011f\u00fc \u0130zmir 95 Erken \u00c7ocukluk Program\u0131, ileri ya\u015fl\u0131 yurtta\u015flardan kalpleri \u0131s\u0131tan bir destek ald\u0131. 14 Mart T\u0131p Bayram\u0131\u2019n\u0131n simgeledi\u011fi toplumsal dayan\u0131\u015fma ruhu, bu kez nesiller aras\u0131 bir bulu\u015fmayla hayat buldu. \u0130zmir B\u00fcy\u00fck\u015fehir Belediyesi Sa\u011fl\u0131kl\u0131 Ya\u015f Alma Merkezi \u00fcyeleri, \u0130zmir 95 Program\u0131 kapsam\u0131nda evlerinde ziyaret edilen bebekler i\u00e7in el eme\u011fi oyuncaklar \u00fcretti.<\/p>\n<p><strong>Geri d\u00f6n\u00fc\u015ft\u00fcr\u00fclebilir malzemeler<\/strong><\/p>\n<p>\u0130zmir B\u00fcy\u00fck\u015fehir Belediyesi Sa\u011fl\u0131k \u0130\u015fleri Dairesi Ba\u015fkanl\u0131\u011f\u0131 taraf\u0131ndan y\u00fcr\u00fct\u00fclen \u0130zmir 95 Erken \u00c7ocukluk Program\u0131 kapsam\u0131nda ebeveynler ve 0-3 ya\u015f aras\u0131 bebek ve \u00e7ocuklara \u00e7e\u015fitli destekler sunuluyor. Gebeli\u011fin 7. ay\u0131ndan ba\u015flayarak 0-12 ay d\u00f6nemine kadar yap\u0131lan ev ziyaretleri deste\u011finde ise bebeklerin geli\u015fimini destekleyen oyuncaklar veriliyor. \u0130zmir B\u00fcy\u00fck\u015fehir Belediyesi Sa\u011fl\u0131kl\u0131 Ya\u015f Alma Merkezi \u00fcyeleri, geri d\u00f6n\u00fc\u015ft\u00fcr\u00fclebilir malzemeleri toplayarak bez top, \u00e7\u0131ng\u0131rak gibi oyuncaklar yapt\u0131. Oyuncak yap\u0131m s\u00fcreci renkli g\u00f6r\u00fcnt\u00fclere sahne oldu.<\/p>\n<p><strong>\u201cGelecek nesillerin geli\u015fimine katk\u0131\u201d<\/strong><\/p>\n<p>\u0130zmir B\u00fcy\u00fck\u015fehir Belediyesi Sa\u011fl\u0131kl\u0131 Ya\u015f Alma Merkezi\u2019nde tak\u0131 tasar\u0131m ve el sanatlar\u0131 \u00f6\u011fretmenli\u011fi yapan Ayda Demiral, yap\u0131lan \u00e7al\u0131\u015fmay\u0131 \u015fu s\u00f6zlerle anlatt\u0131: \u201c\u0130zmir B\u00fcy\u00fck\u015fehir Belediyesi\u2019nin sa\u011flad\u0131\u011f\u0131 imk\u00e2nlarla geri d\u00f6n\u00fc\u015ft\u00fcr\u00fclebilir \u00fcr\u00fcnleri kullanarak 0-3 ya\u015f aras\u0131 \u00e7ocuklara oyuncaklar yap\u0131yoruz. Burada 65 ya\u015f ve \u00fczeri \u00fcyelerimiz yer al\u0131yor ve onlar\u0131n g\u00fczel bir \u015feye vesile olmalar\u0131 onlar\u0131 \u00e7ok mutlu ediyor. Bir kalbe, bir \u00e7ocu\u011fa dokunmak bizleri de \u00e7ok mutlu ediyor. 50\u2019den fazla \u00fcyemiz oyuncak yap\u0131yor. Bebeklerin sa\u011fl\u0131kl\u0131 geli\u015fimine katk\u0131 sa\u011flayacak \u00fcr\u00fcnler \u00fcretmek \u00e7ok \u00f6nemli. Hepsi severek etkinli\u011fe kat\u0131ld\u0131\u201d dedi.<\/p>\n<p><strong>\u201c\u0130\u015fe yarad\u0131\u011f\u0131m\u0131 hissediyorum\u201d<\/strong><\/p>\n<p>Merkez \u00fcyesi 68 ya\u015f\u0131ndaki M\u00fczeyyen Dere, \u201cBuras\u0131 bana hayata tutunma amac\u0131 oldu. \u00c7ok mutluyum. B\u00f6yle yararl\u0131 bir etkinlikte bulundu\u011fum i\u00e7in daha da mutluyum. \u0130\u015fe yarad\u0131\u011f\u0131m\u0131 hissediyorum. El becerisiyle hocalar\u0131m\u0131z\u0131n deste\u011fini de alarak \u00e7ocuklar i\u00e7in bebekler, \u00e7\u0131ng\u0131raklar yap\u0131yoruz. Oyuncaklar\u0131 belediyenin bize sa\u011flad\u0131\u011f\u0131 geri d\u00f6n\u00fc\u015ft\u00fcr\u00fclebilir malzemelerle yap\u0131yoruz. Bu etkinlik bize \u00e7ok iyi geldi. Yeni nesle bir katk\u0131m\u0131z oldu\u011fu i\u00e7in mutluyuz\u201d diye konu\u015ftu.<\/p>\n<p><strong>\u201c\u00c7ocuklar gelece\u011fimiz\u201d<\/strong><\/p>\n<p>Merkez \u00fcyesi 68 ya\u015f\u0131ndaki Pervin T\u00fcrkcan da \u201cBuras\u0131 \u00e7ok g\u00fczel bir sosyal etkinlik merkezi. \u00d6zellikle emeklilikle beraber can s\u0131k\u0131nt\u0131s\u0131 hat safhada oluyor. B\u00f6yle bir yere gelmek b\u00fcy\u00fck bir \u015fans. Bu y\u00fczden \u0130zmir B\u00fcy\u00fck\u015fehir Belediyesi\u2019ne te\u015fekk\u00fcr ediyoruz. \u00c7ocuklar gelece\u011fimiz. Onlar\u0131 sevindirmek bizleri memnun eder. B\u00f6yle bir etkinlikte olmak gurur verici. \u0130leri ya\u015fl\u0131 insanlar\u0131n k\u00fc\u00e7\u00fck \u00e7ocuklar\u0131 sevindirmesi \u00e7ok ho\u015f. Oyuncaklar, bebekler yapt\u0131k. Bu \u00e7al\u0131\u015fma bize de iyi geldi\u201d s\u00f6zlerine yer verdi.<\/p>\n<p><strong>\u201cKendimle gurur duyuyorum\u201d<\/strong><\/p>\n<p>Merkez \u00fcyesi 73 ya\u015f\u0131ndaki Meral Do\u011fan \u201cBurada bebeklere oyuncak dikiyoruz. Bunun i\u00e7in kendimle gurur duyuyorum. \u00c7ocuklar\u0131 \u00e7ok severim ve onlar i\u00e7in ne laz\u0131msa her an ne gerekiyorsa yapmaya haz\u0131r\u0131m. Onlar i\u00e7in daha g\u00fczel g\u00fcnler olmas\u0131n\u0131 istiyorum. Bu oyuncaklarla oynayacaklar in\u015fallah\u201d derken, 75 ya\u015f\u0131ndaki Y\u0131lmaz Yurdaer ise \u201cBurada \u0130zmir 95 projesi i\u00e7in bebeklere oyuncaklar ayarl\u0131yoruz. Etkinli\u011fe katk\u0131m\u0131z olsun diye kad\u0131n \u00fcyelere yard\u0131mc\u0131 oluyoruz. Bir katk\u0131m\u0131z olursa ne mutlu bize. Bebeklerimize yard\u0131mc\u0131 olmak bizi mutlu ediyor\u201d ifadelerini kulland\u0131.<\/p>\n<p>\u00a0<\/p>\n<p>\u00a0<\/p>\n<p>Kaynak: (BYZHA) Beyaz Haber Ajans\u0131<\/p>\n","protected":false},"excerpt":{"rendered":"<p>14 Mart T\u0131p Bayram\u0131&#8217;nda \u0130zmir\u2019de sa\u011fl\u0131\u011f\u0131n yaln\u0131zca hastaneler de\u011fil, toplumun her kesiminin katk\u0131s\u0131yla g\u00fc\u00e7lendi\u011fini g\u00f6steren anlaml\u0131 bir dayan\u0131\u015fma \u00f6rne\u011fi ortaya \u00e7\u0131kt\u0131.<\/p>\n","protected":false},"author":1,"featured_media":3552,"comment_status":"open","ping_status":"open","sticky":false,"template":"","format":"standard","meta":{"footnotes":""},"categories":[23],"tags":[],"class_list":["post-3551","post","type-post","status-publish","format-standard","has-post-thumbnail","hentry","category-saglik"],"_links":{"self":[{"href":"https:\/\/akdenizolay.com.tr\/index.php\/wp-json\/wp\/v2\/posts\/3551","targetHints":{"allow":["GET"]}}],"collection":[{"href":"https:\/\/akdenizolay.com.tr\/index.php\/wp-json\/wp\/v2\/posts"}],"about":[{"href":"https:\/\/akdenizolay.com.tr\/index.php\/wp-json\/wp\/v2\/types\/post"}],"author":[{"embeddable":true,"href":"https:\/\/akdenizolay.com.tr\/index.php\/wp-json\/wp\/v2\/users\/1"}],"replies":[{"embeddable":true,"href":"https:\/\/akdenizolay.com.tr\/index.php\/wp-json\/wp\/v2\/comments?post=3551"}],"version-history":[{"count":1,"href":"https:\/\/akdenizolay.com.tr\/index.php\/wp-json\/wp\/v2\/posts\/3551\/revisions"}],"predecessor-version":[{"id":3553,"href":"https:\/\/akdenizolay.com.tr\/index.php\/wp-json\/wp\/v2\/posts\/3551\/revisions\/3553"}],"wp:featuredmedia":[{"embeddable":true,"href":"https:\/\/akdenizolay.com.tr\/index.php\/wp-json\/wp\/v2\/media\/3552"}],"wp:attachment":[{"href":"https:\/\/akdenizolay.com.tr\/index.php\/wp-json\/wp\/v2\/media?parent=3551"}],"wp:term":[{"taxonomy":"category","embeddable":true,"href":"https:\/\/akdenizolay.com.tr\/index.php\/wp-json\/wp\/v2\/categories?post=3551"},{"taxonomy":"post_tag","embeddable":true,"href":"https:\/\/akdenizolay.com.tr\/index.php\/wp-json\/wp\/v2\/tags?post=3551"}],"curies":[{"name":"wp","href":"https:\/\/api.w.org\/{rel}","templated":true}]}}