{"id":3560,"date":"2026-03-14T07:37:53","date_gmt":"2026-03-14T07:37:53","guid":{"rendered":"https:\/\/akdenizolay.com.tr\/index.php\/2026\/03\/14\/nilufer-belediyesinden-sehit-ve-gazi-ailelerine-vefa-iftari\/"},"modified":"2026-03-14T07:37:54","modified_gmt":"2026-03-14T07:37:54","slug":"nilufer-belediyesinden-sehit-ve-gazi-ailelerine-vefa-iftari","status":"publish","type":"post","link":"https:\/\/akdenizolay.com.tr\/index.php\/2026\/03\/14\/nilufer-belediyesinden-sehit-ve-gazi-ailelerine-vefa-iftari\/","title":{"rendered":"Nil\u00fcfer Belediyesi\u2019nden \u015fehit ve gazi ailelerine vefa iftar\u0131"},"content":{"rendered":"\n<p align=\"left\" class=\"cf7a747987be32b5western\"><span style=\"font-size:16px\"><span style=\"color:#1a1a1a\"><span style=\", Arial, sans-serif\"><span style=\"font-style:normal\"><span><span style=\"font-weight:400\"><span style=\"white-space:normal\"><span style=\"background-color:#ffffff\"><span><span><span><font size=\"3\"><b>Nil\u00fcfer Belediyesi\u2019nin \u015fehit ve gazi aileleri i\u00e7in d\u00fczenledi\u011fi iftar program\u0131nda konu\u015fan Nil\u00fcfer Belediye Ba\u015fkan\u0131 \u015eadi \u00d6zdemir, 2026 y\u0131l\u0131 i\u00e7erisinde Esentepe Mahallesi\u2019nde hayata ge\u00e7irilecek olan \u201c\u015eehitler An\u0131 Park\u0131\u201d projesinin m\u00fcjdesini verdi.<\/b><\/font><\/span><\/span><\/span><\/span><\/span><\/span><\/span><\/span><\/span><\/span><\/span><\/p>\n<p align=\"left\" class=\"cf7a747987be32b5western\"><span style=\"font-size:16px\"><span style=\"color:#1a1a1a\"><span style=\", Arial, sans-serif\"><span style=\"font-style:normal\"><span><span style=\"font-weight:400\"><span style=\"white-space:normal\"><span style=\"background-color:#ffffff\"><span><span><span><font size=\"3\">Nil\u00fcfer Belediyesi, Ramazan ay\u0131n\u0131n manevi atmosferinde \u015fehit aileleri, gaziler ve gazi yak\u0131nlar\u0131n\u0131 ayn\u0131 sofrada bulu\u015fturdu. Gold Majesty Otel\u2019de d\u00fczenlenen iftar program\u0131na; Nil\u00fcfer Belediye Ba\u015fkan\u0131 \u015eadi \u00d6zdemir, Bursa B\u00fcy\u00fck\u015fehir Belediye Ba\u015fkan Vekili Zafer Milli, eski Milli Savunma ve Milli E\u011fitim Bakan\u0131 Turhan Tayan, CHP Nil\u00fcfer \u0130l\u00e7e Ba\u015fkan\u0131 \u00d6zg\u00fcr \u015eahin, Nil\u00fcfer Belediye Ba\u015fkan Yard\u0131mc\u0131lar\u0131, meclis \u00fcyeleri, siyasi parti ve sivil toplum kurulu\u015flar\u0131n\u0131n temsilcileri ile \u00e7ok say\u0131da \u015fehit ve gazi yak\u0131n\u0131 kat\u0131ld\u0131.<\/font><\/span><\/span><\/span><\/span><\/span><\/span><\/span><\/span><\/span><\/span><\/span><\/p>\n<p align=\"left\" class=\"cf7a747987be32b5western\"><span style=\"font-size:16px\"><span style=\"color:#1a1a1a\"><span style=\", Arial, sans-serif\"><span style=\"font-style:normal\"><span><span style=\"font-weight:400\"><span style=\"white-space:normal\"><span style=\"background-color:#ffffff\"><span><span><span><font color=\"#000000\"><font size=\"3\">Din g\u00f6revlisi Mehmet \u00c7elebi\u2019nin duas\u0131yla a\u00e7\u0131lan oru\u00e7lar\u0131n ard\u0131ndan program\u0131n a\u00e7\u0131l\u0131\u015f konu\u015fmas\u0131n\u0131 yapan Nil\u00fcfer Belediye Ba\u015fkan\u0131 \u015eadi \u00d6zdemir, yakla\u015fan 18 Mart \u00c7anakkale Zaferi\u2019nin y\u0131ld\u00f6n\u00fcm\u00fcne dikkat \u00e7ekerek birlik ve beraberlik mesajlar\u0131 verdi.<\/font><\/font><\/span><\/span><\/span><\/span><\/span><\/span><\/span><\/span><\/span><\/span><\/span><\/p>\n<p align=\"left\" class=\"cf7a747987be32b5western\"><span style=\"font-size:16px\"><span style=\"color:#1a1a1a\"><span style=\", Arial, sans-serif\"><span style=\"font-style:normal\"><span><span style=\"font-weight:400\"><span style=\"white-space:normal\"><span style=\"background-color:#ffffff\"><span><span><span><font size=\"3\"><b>\u015eEH\u0130TLER\u0130N H\u0130KAYELER\u0130 ANI PARKINDA YA\u015eATILACAK<\/b><\/font><\/span><\/span><\/span><\/span><\/span><\/span><\/span><\/span><\/span><\/span><\/span><\/p>\n<p align=\"left\" class=\"cf7a747987be32b5western\"><span style=\"font-size:16px\"><span style=\"color:#1a1a1a\"><span style=\", Arial, sans-serif\"><span style=\"font-style:normal\"><span><span style=\"font-weight:400\"><span style=\"white-space:normal\"><span style=\"background-color:#ffffff\"><span><span><span><font size=\"3\">\u015eehit aileleri ve gazileri ba\u015f tac\u0131 yapman\u0131n de\u011fi\u015fmez \u00e7izgileri oldu\u011funu vurgulayan Ba\u015fkan \u015eadi \u00d6zdemir, Esentepe Mahallesi\u2019nde hayata ge\u00e7irilmesi planlanan yeni bir projenin detaylar\u0131n\u0131 da payla\u015ft\u0131. Ba\u015fkan \u015eadi \u00d6zdemir, \u201cTuna Caddesi\u2019nden Fatih Sultan Mehmet Bulvar\u0131\u2019na girerken sol tarafta kalan b\u00fcy\u00fck alan\u0131 \u2018\u015eehitler An\u0131 Park\u0131\u2019 yap\u0131yoruz. \u00c7anakkale\u2019den Milli M\u00fccadele\u2019ye, Kore Sava\u015f\u0131\u2019ndan Cumhuriyet d\u00f6nemine kadar vatan u\u011fruna hayat\u0131n\u0131 kaybeden t\u00fcm Nil\u00fcferli \u015fehitlerimizin ad\u0131n\u0131 bu parkta ya\u015fataca\u011f\u0131z. 2026 y\u0131l\u0131nda tamamlamay\u0131 planlad\u0131\u011f\u0131m\u0131z 2 bin 956 metrekarelik bu projenin 690 metrekaresi ye\u015fil alan olacak. Parkta yer alacak an\u0131tta t\u00fcm \u015fehitlerimizin ismi bulunacak. Ziyaret\u00e7iler, isimlerin yan\u0131ndaki karekodu telefonlar\u0131na okutarak o \u015fehidimizin hayat hikayesini do\u011frudan dinleyebilecek\u201d dedi.<\/font><\/span><\/span><\/span><\/span><\/span><\/span><\/span><\/span><\/span><\/span><\/span><\/p>\n<p align=\"left\" class=\"cf7a747987be32b5western\"><span style=\"font-size:16px\"><span style=\"color:#1a1a1a\"><span style=\", Arial, sans-serif\"><span style=\"font-style:normal\"><span><span style=\"font-weight:400\"><span style=\"white-space:normal\"><span style=\"background-color:#ffffff\"><span><span><span><font size=\"3\">Ba\u015fkan \u015eadi \u00d6zdemir ayr\u0131ca, organizasyona ev sahipli\u011fi yapan otel y\u00f6netimi ile destek veren derneklere te\u015fekk\u00fcr etti.<\/font><\/span><\/span><\/span><\/span><\/span><\/span><\/span><\/span><\/span><\/span><\/span><\/p>\n<p align=\"left\" class=\"cf7a747987be32b5western\"><span style=\"font-size:16px\"><span style=\"color:#1a1a1a\"><span style=\", Arial, sans-serif\"><span style=\"font-style:normal\"><span><span style=\"font-weight:400\"><span style=\"white-space:normal\"><span style=\"background-color:#ffffff\"><span><span><span><font color=\"#000000\">\u201c<\/font><font color=\"#000000\"><font face=\"Times New Roman, Times, serif\"><font size=\"3\"><b>\u015eEH\u0130TLER\u0130M\u0130Z\u0130N HATIRASINI YA\u015eATMAK ORTAK SORUMLULU\u011eUMUZ\u201d<\/b><\/font><\/font><\/font><\/span><\/span><\/span><\/span><\/span><\/span><\/span><\/span><\/span><\/span><\/span><\/p>\n<p align=\"left\" class=\"cf7a747987be32b5western\"><span style=\"font-size:16px\"><span style=\"color:#1a1a1a\"><span style=\", Arial, sans-serif\"><span style=\"font-style:normal\"><span><span style=\"font-weight:400\"><span style=\"white-space:normal\"><span style=\"background-color:#ffffff\"><span><span><span><font size=\"3\">Bursa B\u00fcy\u00fck\u015fehir Belediye Ba\u015fkan Vekili Zafer Milli ise, vatan\u0131n ba\u011f\u0131ms\u0131zl\u0131\u011f\u0131 ve halk\u0131n huzuru u\u011fruna can veren kahramanlar\u0131n fedakarl\u0131klar\u0131n\u0131n asla unutulmayaca\u011f\u0131n\u0131 belirterek, \u201c\u015eehitlerimizin hat\u0131ras\u0131n\u0131 ya\u015fatmak ve gazilerimizin onurlu m\u00fccadelesine sahip \u00e7\u0131kmak hepimizin ortak sorumlulu\u011fudur\u201d ifadelerini kulland\u0131.<\/font><\/span><\/span><\/span><\/span><\/span><\/span><\/span><\/span><\/span><\/span><\/span><\/p>\n<p align=\"left\" class=\"cf7a747987be32b5western\"><span style=\"font-size:16px\"><span style=\"color:#1a1a1a\"><span style=\", Arial, sans-serif\"><span style=\"font-style:normal\"><span><span style=\"font-weight:400\"><span style=\"white-space:normal\"><span style=\"background-color:#ffffff\"><span><span><span><font size=\"3\">Programda s\u00f6z alan Bursa Emniyet Te\u015fkilat\u0131 \u015eehit ve Gazi Aileleri Yard\u0131mla\u015fma Derne\u011fi Ba\u015fkan\u0131 Nevin F\u0131rt\u0131na, T\u00fcrkiye Muharip Gaziler Derne\u011fi Bursa \u015eube Ba\u015fkan\u0131 Adem Erdem ve T\u00fcrkiye Harp Malul\u00fc Gaziler \u015eehit Dul ve Yetimleri Derne\u011fi Bursa \u015eube Ba\u015fkan\u0131 Ha\u015fim Sivri de birer konu\u015fma yaparak, kendilerini yaln\u0131z b\u0131rakmayan Nil\u00fcfer Belediyesi\u2019ne ve Ba\u015fkan \u015eadi \u00d6zdemir\u2019e te\u015fekk\u00fcrlerini ilettiler.<\/font><\/span><\/span><\/span><\/span><\/span><\/span><\/span><\/span><\/span><\/span><\/span><\/p>\n<p align=\"left\" class=\"cf7a747987be32b5western\"><span style=\"font-size:16px\"><span style=\"color:#1a1a1a\"><span style=\", Arial, sans-serif\"><span style=\"font-style:normal\"><span><span style=\"font-weight:400\"><span style=\"white-space:normal\"><span style=\"background-color:#ffffff\"><span><span><span><font size=\"3\">\u0130ftar program\u0131, dernek temsilcilerinin g\u00fcn\u00fcn an\u0131s\u0131na Nil\u00fcfer Belediye Ba\u015fkan\u0131 \u015eadi \u00d6zdemir\u2019e hediye takdim etmesiyle sona erdi.<\/font><\/span><\/span><\/span><\/span><\/span><\/span><\/span><\/span><\/span><\/span><\/span><\/p>\n<p align=\"left\" class=\"cf7a747987be32b5western\">\u00a0<\/p>\n<p align=\"left\" class=\"cf7a747987be32b5western\">\u00a0<\/p>\n<p>Kaynak: (BYZHA) Beyaz Haber Ajans\u0131<\/p>\n","protected":false},"excerpt":{"rendered":"<p>Nil\u00fcfer Belediyesi\u2019nin \u015fehit ve gazi aileleri i\u00e7in d\u00fczenledi\u011fi iftar program\u0131nda konu\u015fan Nil\u00fcfer Belediye Ba\u015fkan\u0131 \u015eadi \u00d6zdemir, 2026 y\u0131l\u0131 i\u00e7erisinde Esentepe Mahallesi\u2019nde hayata ge\u00e7irilecek olan \u201c\u015eehitler An\u0131 Park\u0131\u201d projesinin m\u00fcjdesini verdi.<\/p>\n","protected":false},"author":1,"featured_media":3561,"comment_status":"open","ping_status":"open","sticky":false,"template":"","format":"standard","meta":{"footnotes":""},"categories":[24],"tags":[],"class_list":["post-3560","post","type-post","status-publish","format-standard","has-post-thumbnail","hentry","category-kultur-sanat"],"_links":{"self":[{"href":"https:\/\/akdenizolay.com.tr\/index.php\/wp-json\/wp\/v2\/posts\/3560","targetHints":{"allow":["GET"]}}],"collection":[{"href":"https:\/\/akdenizolay.com.tr\/index.php\/wp-json\/wp\/v2\/posts"}],"about":[{"href":"https:\/\/akdenizolay.com.tr\/index.php\/wp-json\/wp\/v2\/types\/post"}],"author":[{"embeddable":true,"href":"https:\/\/akdenizolay.com.tr\/index.php\/wp-json\/wp\/v2\/users\/1"}],"replies":[{"embeddable":true,"href":"https:\/\/akdenizolay.com.tr\/index.php\/wp-json\/wp\/v2\/comments?post=3560"}],"version-history":[{"count":1,"href":"https:\/\/akdenizolay.com.tr\/index.php\/wp-json\/wp\/v2\/posts\/3560\/revisions"}],"predecessor-version":[{"id":3562,"href":"https:\/\/akdenizolay.com.tr\/index.php\/wp-json\/wp\/v2\/posts\/3560\/revisions\/3562"}],"wp:featuredmedia":[{"embeddable":true,"href":"https:\/\/akdenizolay.com.tr\/index.php\/wp-json\/wp\/v2\/media\/3561"}],"wp:attachment":[{"href":"https:\/\/akdenizolay.com.tr\/index.php\/wp-json\/wp\/v2\/media?parent=3560"}],"wp:term":[{"taxonomy":"category","embeddable":true,"href":"https:\/\/akdenizolay.com.tr\/index.php\/wp-json\/wp\/v2\/categories?post=3560"},{"taxonomy":"post_tag","embeddable":true,"href":"https:\/\/akdenizolay.com.tr\/index.php\/wp-json\/wp\/v2\/tags?post=3560"}],"curies":[{"name":"wp","href":"https:\/\/api.w.org\/{rel}","templated":true}]}}