{"id":3566,"date":"2026-03-14T10:37:48","date_gmt":"2026-03-14T10:37:48","guid":{"rendered":"https:\/\/akdenizolay.com.tr\/index.php\/2026\/03\/14\/turkiyenin-en-basarili-opera-sanatcisi-tenor-sedat-can-oztoprak\/"},"modified":"2026-03-14T10:37:49","modified_gmt":"2026-03-14T10:37:49","slug":"turkiyenin-en-basarili-opera-sanatcisi-tenor-sedat-can-oztoprak","status":"publish","type":"post","link":"https:\/\/akdenizolay.com.tr\/index.php\/2026\/03\/14\/turkiyenin-en-basarili-opera-sanatcisi-tenor-sedat-can-oztoprak\/","title":{"rendered":"T\u00fcrkiye&#8217;nin en ba\u015far\u0131l\u0131 Opera Sanat\u00e7\u0131s\u0131: Tenor Sedat Can \u00d6ztoprak"},"content":{"rendered":"<p> T\u00fcrkiye&#8217;nin en \u00f6nemli \u00f6d\u00fclleri aras\u0131nda g\u00f6sterilen ve alan\u0131nda en iyi isimlerin bulu\u015ftu\u011fu 12.Gold Fame Prestige Awards \u00d6d\u00fclleri, Hakan Taner \u00c7ap\u0131n ve Esin Yum&#8217;un sunumlar\u0131 ile g\u00f6rkemli b\u00fcy\u00fck bir T\u00f6renle 28 Ocak 2026 tarihinde Double Tree Hilton Beyo\u011flu \u0130stanbul&#8217;da ger\u00e7ekle\u015fti.\u00a0<\/p>\n<p>Bas\u0131n\u0131n da yo\u011fun bir \u015fekilde takip etti\u011fi ve pek \u00e7ok \u00fcnl\u00fc ismin \u00f6d\u00fcle lay\u0131k g\u00f6r\u00fcld\u00fc\u011f\u00fc g\u00f6rkemli gecede d\u00fcnyaca \u00fcnl\u00fc Tenor Sedat Can \u00d6ztoprak &#8220;T\u00fcrkiye&#8217;nin En Ba\u015far\u0131l\u0131 Opera Sanat\u00e7\u0131s\u0131&#8221; \u00f6d\u00fcl\u00fcne lay\u0131k g\u00f6r\u00fcld\u00fc. Sahnede \u00f6d\u00fcl\u00fcn\u00fc alan d\u00fcnyaca \u00fcnl\u00fc Tenor, duygu ve d\u00fc\u015f\u00fcncelerini ise \u015fu \u015fekilde dile getirdi.\u00a0<\/p>\n<p>&#8220;Beni bu \u00e7ok \u00f6nemli \u00f6d\u00fcle, &#8220;T\u00fcrkiye&#8217;nin En Ba\u015far\u0131l\u0131 Opera Sanat\u00e7\u0131s\u0131&#8221; \u00f6d\u00fcl\u00fcne lay\u0131k g\u00f6ren t\u00fcm de\u011ferli isimlere \u00e7ok te\u015fekk\u00fcr etmek istiyorum. Bu \u00f6d\u00fcl bir T\u00fcrk Opera Sanat\u00e7\u0131s\u0131 i\u00e7in kesinlikle e\u015fsiz bir gurur. Bug\u00fcne dek elde etmi\u015f oldu\u011fum say\u0131s\u0131z ba\u015far\u0131lara, d\u00fcnyan\u0131n pek \u00e7ok \u00fclkesinde y\u0131llard\u0131r say\u0131s\u0131z kez lay\u0131k g\u00f6r\u00fclm\u00fc\u015f oldu\u011fum \u00e7ok \u00f6nemli uluslararas\u0131 \u00f6d\u00fcllerime ve uluslararas\u0131 arenadan lay\u0131k g\u00f6r\u00fclm\u00fc\u015f oldu\u011fum &#8220;T\u00fcrkiye&#8217;yi En \u0130yi Temsil Eden Sanat\u00e7\u0131&#8221; \u00f6d\u00fcl\u00fcme ilave, emeklerimin ve ba\u015far\u0131lar\u0131m\u0131n b\u00f6ylesine \u00e7ok \u00f6nemli bir \u00f6d\u00fclle daha ta\u00e7lanm\u0131\u015f olmas\u0131 kesinlikle en b\u00fcy\u00fck gurur bir T\u00fcrk Opera Sanat\u00e7\u0131s\u0131 i\u00e7in. Lay\u0131k g\u00f6ren t\u00fcm de\u011ferli isimlere tekrardan \u00e7ok te\u015fekk\u00fcr etmek istiyorum.&#8221;\u00a0<\/p>\n<p>D\u00fcnyaca \u00fcnl\u00fc Opera Sanat\u00e7\u0131s\u0131 Tenor Sedat Can \u00d6ztoprak&#8217;\u0131n lay\u0131k g\u00f6r\u00fclm\u00fc\u015f oldu\u011fu bu \u00f6nemli \u00f6d\u00fcl, kazanm\u0131\u015f oldu\u011fu ve T\u00fcrk Opera tarihinde de bir ilk olan 9.Uluslararas\u0131 Yar\u0131\u015fma Birincili\u011finden sonra lay\u0131k g\u00f6r\u00fclm\u00fc\u015f oldu\u011fu ilk \u00f6d\u00fcl olmas\u0131 bak\u0131m\u0131ndan da ayr\u0131ca \u00f6nemli ve anlaml\u0131.<\/p>\n<p><strong>OPERA SANAT\u00c7ISI TENOR SEDAT CAN \u00d6ZTOPRAK&#8217;IN HAYATI VE T\u00dcM BA\u015eARILARI K\u0130TABA D\u00d6N\u00dc\u015eT\u00dcR\u00dcLD\u00dc<\/strong><\/p>\n<p>Opera Sanat\u00e7\u0131s\u0131 Tenor Sedat Can \u00d6ztoprak&#8217;\u0131n hayat\u0131n\u0131 ve t\u00fcm ba\u015far\u0131lar\u0131n\u0131 konu alan, \u00e7ok de\u011ferli Yazar Fatma \u00d6zger Bilgi\u00e7&#8217;in kaleme ald\u0131\u011f\u0131 &#8220;Y\u00fcrekte Kalan \u0130zler&#8221; adl\u0131 Kitap, 7 Nisan 2026 Tarihinde \u0130stanbul&#8217;da, Caddebostan K\u00fclt\u00fcr Merkezi B\u00fcy\u00fck Salonda ger\u00e7ekle\u015fecek olan tan\u0131t\u0131m, imza t\u00f6reni ve bas\u0131n s\u00f6yle\u015fisinin ard\u0131ndan raflardaki yerini alacak ve t\u00fcm T\u00fcrkiye&#8217;de sat\u0131\u015fa sunulacak. Ayn\u0131 g\u00fcn, tan\u0131t\u0131m, imza t\u00f6reni ve bas\u0131n s\u00f6yle\u015fisinden hemen \u00f6nce ise Tenor Sedat Can \u00d6ztoprak, Caddebostan K\u00fclt\u00fcr Merkezi B\u00fcy\u00fck Salonda unutulmaz bir resital konsere de imza atacak. Bas\u0131n\u0131n da yo\u011fun bir \u015fekilde takip edece\u011fi bu unutulmaz tarihi g\u00fcn, saat 13.30&#8217;da ba\u015flayacak.\u00a0<\/p>\n<p>D\u00fcnyaca \u00fcnl\u00fc Opera Sanat\u00e7\u0131s\u0131 Tenor Sedat Can \u00d6ztoprak, ayr\u0131ca bu sene davet ald\u0131\u011f\u0131 Viyana&#8217;da, Uluslararas\u0131 Viyana Opera Festivali&#8217;nde, Bizet&#8217;in \u00fcnl\u00fc Operas\u0131 Carmen&#8217;de Ba\u015frol Don Jose&#8217;yi, ve Mozart&#8217;\u0131n \u00fcnl\u00fc Operas\u0131 Sihirli Fl\u00fct&#8217;te de Ba\u015frol Tamino&#8217;yu yorumlayarak Sahnede olacak. Ayr\u0131ca bu sene yeniden \u0130talya&#8217;da da, davet ald\u0131\u011f\u0131 Uluslararas\u0131 Saluzzo Opera Festivali&#8217;nde, Mozart&#8217;\u0131n \u00fcnl\u00fc Operas\u0131 Don Giovanni&#8217;de Ba\u015frol Don Ottavio&#8217;yu yorumlayarak da yeniden sahnede olacak. Ve bu sene yeniden Berlin&#8217;de, davet ald\u0131\u011f\u0131 Uluslararas\u0131 Berlin Opera Festivali&#8217;nde, Puccini&#8217;nin \u00fcnl\u00fc Operas\u0131 Gianni Schicchi&#8217;de de Ba\u015frol Rinuccio&#8217;yu yorumlayarak da yeniden Sahnede olacak olan d\u00fcnyaca \u00fcnl\u00fc Tenor, duygular\u0131n\u0131 \u015fu s\u00f6zlerle dile getirdi.<\/p>\n<p>&#8220;Uluslararas\u0131 Arenada, ve D\u00fcnyan\u0131n en \u00f6nemli Opera Sanat \u015fehirlerinde nice b\u00fcy\u00fck eserlerde, nice b\u00fcy\u00fck ba\u015frollere&#8230;&#8221;\u00a0<\/p>\n<p>D\u00fcnyaca \u00dcnl\u00fc Opera Sanat\u00e7\u0131s\u0131 Tenor Sedat Can \u00d6ztoprak, bug\u00fcne kadar elde etti\u011fi say\u0131s\u0131z uluslararas\u0131 \u00f6d\u00fcllere, uluslararas\u0131 yar\u0131\u015fma birinciliklerine ve uluslararas\u0131 arenadan lay\u0131k g\u00f6r\u00fclm\u00fc\u015f oldu\u011fu &#8220;T\u00fcrkiye&#8217;yi En \u0130yi Temsil Eden Sanat\u00e7\u0131&#8221; \u00f6d\u00fcl\u00fcne de ilave olarak T\u00fcrkiye&#8217;de de en \u00f6nemli \u00f6d\u00fcl organizasyonlar\u0131 taraf\u0131ndan ve T\u00fcrkiye&#8217;nin en \u00f6nemli j\u00fcri \u00fcyelerinin oylamalar\u0131 sonucu bug\u00fcne dek y\u0131llard\u0131r say\u0131s\u0131z kez lay\u0131k g\u00f6r\u00fclm\u00fc\u015f oldu\u011fu ve g\u00f6r\u00fclmeye de devam etti\u011fi, &#8220;Y\u0131l\u0131n En Ba\u015far\u0131l\u0131 Opera Sanat\u00e7\u0131s\u0131&#8221; , &#8220;Y\u0131l\u0131n En \u0130yi Opera Sanat\u00e7\u0131s\u0131&#8221; , &#8220;Y\u0131l\u0131n Uluslararas\u0131 Ba\u015far\u0131 G\u00f6steren En Ba\u015far\u0131l\u0131 Opera Sanat\u00e7\u0131s\u0131&#8221;, &#8220;Uluslararas\u0131 En Ba\u015far\u0131l\u0131 Opera Sanat\u00e7\u0131s\u0131&#8221;, &#8220;Cumhuriyetin 100.Y\u0131l\u0131na Damga Vuran En Ba\u015far\u0131l\u0131 Opera Sanat\u00e7\u0131s\u0131&#8221;, &#8220;Y\u0131l\u0131n Star Opera Sanat\u00e7\u0131s\u0131&#8221; , &#8220;En Ba\u015far\u0131l\u0131 T\u00fcrk Opera Sanat\u00e7\u0131s\u0131&#8221;, &#8220;Opera Sanat\u0131na Yenilik Kazand\u0131ran En Ba\u015far\u0131l\u0131 Opera Sanat\u00e7\u0131s\u0131&#8221;, &#8220;T\u00fcrk Operas\u0131na Damga Vuran En Ba\u015far\u0131l\u0131 Opera Sanat\u00e7\u0131s\u0131&#8221;, &#8220;Uluslararas\u0131 En Ba\u015far\u0131l\u0131 T\u00fcrk Tenor&#8221; , &#8220;Y\u0131l\u0131n Uluslararas\u0131 Ba\u015far\u0131 G\u00f6steren En \u0130yi Opera Sanat\u00e7\u0131s\u0131&#8221;, &#8220;Uluslararas\u0131 En Ba\u015far\u0131l\u0131 T\u00fcrk Opera Sanat\u00e7\u0131s\u0131&#8221; ve &#8220;T\u00fcrkiye&#8217;nin En Ba\u015far\u0131l\u0131 Opera Sanat\u00e7\u0131s\u0131&#8221; \u00f6d\u00fcllerine, bug\u00fcne dek defalarca kez lay\u0131k g\u00f6r\u00fclerek, ve her seferinde de kendisi lay\u0131k g\u00f6r\u00fclerek T\u00fcrk Opera tarihinde bug\u00fcne dek g\u00f6r\u00fclmemi\u015f d\u00fczeyde bir dominasyona imza atm\u0131\u015f olup bir kez daha tarihe ge\u00e7mi\u015ftir. D\u00fcnyaca \u00fcnl\u00fc Opera Sanat\u00e7\u0131s\u0131 Tenor Sedat Can \u00d6ztoprak, ayr\u0131ca T\u00fcrkiye Cumhuriyet tarihinin en \u00e7ok \u00f6d\u00fcl kazanm\u0131\u015f Opera Sanat\u00e7\u0131s\u0131d\u0131r.\u00a0<\/p>\n<p><strong>SANATIN Z\u0130RVES\u0130NDEK\u0130 \u0130S\u0130M: DEVR\u0130M YARATAN T\u00dcRK TENOR<\/strong><\/p>\n<p>\u00dclkemizi bug\u00fcne dek Opera Sanat\u0131 alan\u0131nda yurtd\u0131\u015f\u0131nda ve yurti\u00e7inde y\u0131llard\u0131r en iyi \u015fekilde temsil etmeye devam eden, D\u00fcnya Opera Tarihinde ve T\u00fcrk Opera Tarihinde pek \u00e7ok ilkler ba\u015fararak hem D\u00fcnya Opera Tarihine hem de T\u00fcrk Opera Tarihine muhte\u015fem bir \u015fekilde ge\u00e7mi\u015f olan, 100&#8217;\u00fcn \u00fczerinde uluslararas\u0131 ve ulusal \u00f6d\u00fclleriyle ve kazand\u0131\u011f\u0131 say\u0131s\u0131z uluslararas\u0131 yar\u015fma birincilikleriyle opera sanat\u0131n\u0131 \u00e7ok \u00e7ok ileriye ta\u015f\u0131yarak opera sanat\u0131nda devrim yaratm\u0131\u015f olan d\u00fcnyan\u0131n hayran oldu\u011fu Opera Sanat\u00e7\u0131m\u0131z T\u00fcrk Operas\u0131n\u0131n zirvesindeki isim Tenor Sedat Can \u00d6ztoprak, \u00e7al\u0131\u015fmalar\u0131na hem yurti\u00e7inde hem de yurtd\u0131\u015f\u0131nda yo\u011fun bir \u015fekilde devam etmektedir.<\/p>\n<p>Kaynak: (BYZHA) Beyaz Haber Ajans\u0131<\/p>\n","protected":false},"excerpt":{"rendered":"<p>T\u00fcrkiye&#8217;nin en \u00f6nemli \u00f6d\u00fclleri aras\u0131nda g\u00f6sterilen ve alan\u0131nda en iyi isimlerin bulu\u015ftu\u011fu 12.<\/p>\n","protected":false},"author":1,"featured_media":3567,"comment_status":"open","ping_status":"open","sticky":false,"template":"","format":"standard","meta":{"footnotes":""},"categories":[1],"tags":[],"class_list":["post-3566","post","type-post","status-publish","format-standard","has-post-thumbnail","hentry","category-magazin"],"_links":{"self":[{"href":"https:\/\/akdenizolay.com.tr\/index.php\/wp-json\/wp\/v2\/posts\/3566","targetHints":{"allow":["GET"]}}],"collection":[{"href":"https:\/\/akdenizolay.com.tr\/index.php\/wp-json\/wp\/v2\/posts"}],"about":[{"href":"https:\/\/akdenizolay.com.tr\/index.php\/wp-json\/wp\/v2\/types\/post"}],"author":[{"embeddable":true,"href":"https:\/\/akdenizolay.com.tr\/index.php\/wp-json\/wp\/v2\/users\/1"}],"replies":[{"embeddable":true,"href":"https:\/\/akdenizolay.com.tr\/index.php\/wp-json\/wp\/v2\/comments?post=3566"}],"version-history":[{"count":1,"href":"https:\/\/akdenizolay.com.tr\/index.php\/wp-json\/wp\/v2\/posts\/3566\/revisions"}],"predecessor-version":[{"id":3568,"href":"https:\/\/akdenizolay.com.tr\/index.php\/wp-json\/wp\/v2\/posts\/3566\/revisions\/3568"}],"wp:featuredmedia":[{"embeddable":true,"href":"https:\/\/akdenizolay.com.tr\/index.php\/wp-json\/wp\/v2\/media\/3567"}],"wp:attachment":[{"href":"https:\/\/akdenizolay.com.tr\/index.php\/wp-json\/wp\/v2\/media?parent=3566"}],"wp:term":[{"taxonomy":"category","embeddable":true,"href":"https:\/\/akdenizolay.com.tr\/index.php\/wp-json\/wp\/v2\/categories?post=3566"},{"taxonomy":"post_tag","embeddable":true,"href":"https:\/\/akdenizolay.com.tr\/index.php\/wp-json\/wp\/v2\/tags?post=3566"}],"curies":[{"name":"wp","href":"https:\/\/api.w.org\/{rel}","templated":true}]}}