{"id":3581,"date":"2026-03-14T11:22:21","date_gmt":"2026-03-14T11:22:21","guid":{"rendered":"https:\/\/akdenizolay.com.tr\/index.php\/2026\/03\/14\/osmangazide-gonul-sofrasi-baglarbasinda-kuruldu\/"},"modified":"2026-03-14T11:22:22","modified_gmt":"2026-03-14T11:22:22","slug":"osmangazide-gonul-sofrasi-baglarbasinda-kuruldu","status":"publish","type":"post","link":"https:\/\/akdenizolay.com.tr\/index.php\/2026\/03\/14\/osmangazide-gonul-sofrasi-baglarbasinda-kuruldu\/","title":{"rendered":"Osmangazi\u2019de G\u00f6n\u00fcl Sofras\u0131 Ba\u011flarba\u015f\u0131\u2019nda Kuruldu"},"content":{"rendered":"<p> <span style=\"font-size:12pt\"><span style=\",serif\"><span style=\"font-size:11.0pt\"><span style=\",serif\">Osmangazi Belediyesi\u2019nin Ba\u011flarba\u015f\u0131 Mahallesi\u2019nde kurdu\u011fu g\u00f6n\u00fcl sofras\u0131, y\u00fczlerce vatanda\u015f\u0131 Ramazan\u2019\u0131n bereketinde bulu\u015fturdu. \u0130ftar program\u0131na kat\u0131lan Osmangazi Belediye Ba\u015fkan\u0131 Erkan Ayd\u0131n, mahalle sakinleriyle orucunu a\u00e7arak vatanda\u015flar\u0131n talep ve \u00f6nerilerini dinledi.<\/span><\/span><\/span><\/span><\/p>\n<p><span style=\"font-size:12pt\"><span style=\",serif\"><span style=\"font-size:11.0pt\"><span style=\",serif\">Osmangazi Belediyesi, Ramazan ay\u0131n\u0131n payla\u015fma, dayan\u0131\u015fma ve karde\u015flik ruhunu ya\u015fatmak amac\u0131yla mahalle iftarlar\u0131 d\u00fczenlemeye devam ediyor. Bu kapsamda Ba\u011flarba\u015f\u0131 Mahallesi\u2019nde kurulan g\u00f6n\u00fcl sofras\u0131, y\u00fczlerce mahalle sakininin bir araya gelmesine vesile oldu. Ayn\u0131 sofrada bulu\u015fan vatanda\u015flar, Ramazan\u2019\u0131n bereketini ve manevi atmosferini birlikte ya\u015fad\u0131. Osmangazi Belediyesi taraf\u0131ndan d\u00fczenlenen iftar program\u0131na Osmangazi Belediye Ba\u015fkan\u0131 Erkan Ayd\u0131n da kat\u0131ld\u0131. Mahalle sakinleriyle ayn\u0131 sofrada orucunu a\u00e7an Ba\u015fkan Ayd\u0131n, vatanda\u015flarla yak\u0131ndan ilgilenerek onlar\u0131n talep ve \u00f6nerilerini dinledi. Samimi bir atmosferde ger\u00e7ekle\u015fen programda, mahalle sakinleri Ramazan ay\u0131n\u0131n birlik ve beraberlik duygular\u0131n\u0131 g\u00fc\u00e7lendiren bu anlaml\u0131 bulu\u015fmadan duyduklar\u0131 memnuniyeti dile getirdi.<\/span><\/span><\/span><\/span><\/p>\n<p><span style=\"font-size:12pt\"><span style=\",serif\"><b><span style=\"font-size:11.0pt\"><span style=\",serif\">\u201cOsmangazi Belediyesi Olarak, Sizlerin Yan\u0131nda Olup, Birlikte Ramazan\u2019\u0131 Eda Ediyoruz\u201d<\/span><\/span><\/b><\/span><\/span><\/p>\n<p><span style=\"font-size:12pt\"><span style=\",serif\"><span style=\"font-size:11.0pt\"><span style=\",serif\">Ramazan ay\u0131n\u0131n payla\u015fma ve dayan\u0131\u015fma ay\u0131 oldu\u011funu vurgulayan Ba\u015fkan Ayd\u0131n, \u015f\u00f6yle konu\u015ftu:<\/span><\/span><\/span><\/span><\/p>\n<p><span style=\"font-size:12pt\"><span style=\",serif\"><span style=\"font-size:11.0pt\"><span style=\",serif\">\u201cAllah hepimizin oru\u00e7lar\u0131n\u0131 kabul\u00fc makbul eylesin, in\u015fallah \u00f6nce Kadir Gecesi\u2019ne, ard\u0131ndan Ramazan Bayram\u0131\u2019na hep birlikte eri\u015felim. Ramazan sofralar\u0131nda her ak\u015fam Osmangazi\u2019nin bir mahallesinde sizlerle birlikte oluyoruz. Oru\u00e7lar\u0131m\u0131z\u0131 a\u00e7\u0131p, iftar sofralar\u0131nda Ramazan\u2019\u0131n bereketini, payla\u015f\u0131m\u0131n\u0131, huzurunu ve dayan\u0131\u015fmas\u0131n\u0131 birlikte ya\u015f\u0131yoruz. Bu Ramazan ay\u0131 boyunca da Osmangazi\u2019mizde her ak\u015fam bir\u00e7ok noktada toplamda yakla\u015f\u0131k 4 bin 500 vatanda\u015f\u0131m\u0131zla iftar sofralar\u0131nda bulu\u015fuyoruz. Ramazan ay\u0131 boyunca da 120 bine yak\u0131n vatanda\u015f\u0131m\u0131zla iftar sofralar\u0131nda bulu\u015fmu\u015f olaca\u011f\u0131z. Yine ihtiya\u00e7 sahibi vatanda\u015flar\u0131m\u0131za da erzak yard\u0131m\u0131yla bir nebze de olsun, \u015fu ekonomik krizin i\u00e7erisinde destek olmaya \u00e7al\u0131\u015f\u0131yoruz. Osmangazi Belediyesi olarak, sizlerin yan\u0131nda olup, birlikte Ramazan\u2019\u0131 eda ediyoruz. Hepinize te\u015fekk\u00fcr ediyoruz, \u015fimdiden Ramazan Bayram\u0131\u2019n\u0131z\u0131 tebrik ediyorum.\u201d<\/span><\/span><\/span><\/span><\/p>\n<p><span style=\"font-size:12pt\"><span style=\",serif\"><span style=\"font-size:11.0pt\"><span style=\",serif\">Osmangazi Belediyesi, Ramazan ay\u0131 boyunca il\u00e7enin farkl\u0131 mahallelerinde kurdu\u011fu iftar sofralar\u0131yla vatanda\u015flar\u0131 bulu\u015fturmaya ve Ramazan\u2019\u0131n birlik, beraberlik ve payla\u015fma ruhunu ya\u015fatmaya devam edecek.<\/span><\/span><\/span><\/span><\/p>\n<p>\u00a0<\/p>\n<p>\u00a0<\/p>\n<p>Kaynak: (BYZHA) Beyaz Haber Ajans\u0131<\/p>\n","protected":false},"excerpt":{"rendered":"<p>Osmangazi Belediyesi\u2019nin Ba\u011flarba\u015f\u0131 Mahallesi\u2019nde kurdu\u011fu g\u00f6n\u00fcl sofras\u0131, y\u00fczlerce vatanda\u015f\u0131 Ramazan\u2019\u0131n bereketinde bulu\u015fturdu.<\/p>\n","protected":false},"author":1,"featured_media":3582,"comment_status":"open","ping_status":"open","sticky":false,"template":"","format":"standard","meta":{"footnotes":""},"categories":[20],"tags":[],"class_list":["post-3581","post","type-post","status-publish","format-standard","has-post-thumbnail","hentry","category-gundem"],"_links":{"self":[{"href":"https:\/\/akdenizolay.com.tr\/index.php\/wp-json\/wp\/v2\/posts\/3581","targetHints":{"allow":["GET"]}}],"collection":[{"href":"https:\/\/akdenizolay.com.tr\/index.php\/wp-json\/wp\/v2\/posts"}],"about":[{"href":"https:\/\/akdenizolay.com.tr\/index.php\/wp-json\/wp\/v2\/types\/post"}],"author":[{"embeddable":true,"href":"https:\/\/akdenizolay.com.tr\/index.php\/wp-json\/wp\/v2\/users\/1"}],"replies":[{"embeddable":true,"href":"https:\/\/akdenizolay.com.tr\/index.php\/wp-json\/wp\/v2\/comments?post=3581"}],"version-history":[{"count":1,"href":"https:\/\/akdenizolay.com.tr\/index.php\/wp-json\/wp\/v2\/posts\/3581\/revisions"}],"predecessor-version":[{"id":3583,"href":"https:\/\/akdenizolay.com.tr\/index.php\/wp-json\/wp\/v2\/posts\/3581\/revisions\/3583"}],"wp:featuredmedia":[{"embeddable":true,"href":"https:\/\/akdenizolay.com.tr\/index.php\/wp-json\/wp\/v2\/media\/3582"}],"wp:attachment":[{"href":"https:\/\/akdenizolay.com.tr\/index.php\/wp-json\/wp\/v2\/media?parent=3581"}],"wp:term":[{"taxonomy":"category","embeddable":true,"href":"https:\/\/akdenizolay.com.tr\/index.php\/wp-json\/wp\/v2\/categories?post=3581"},{"taxonomy":"post_tag","embeddable":true,"href":"https:\/\/akdenizolay.com.tr\/index.php\/wp-json\/wp\/v2\/tags?post=3581"}],"curies":[{"name":"wp","href":"https:\/\/api.w.org\/{rel}","templated":true}]}}