{"id":3584,"date":"2026-03-14T11:22:24","date_gmt":"2026-03-14T11:22:24","guid":{"rendered":"https:\/\/akdenizolay.com.tr\/index.php\/2026\/03\/14\/umit-ozdag-abide-i-hurriyet-meydanina-ovgu-boyle-bir-yeri-gormekten-buyuk-mutluluk-duydum\/"},"modified":"2026-03-14T11:22:25","modified_gmt":"2026-03-14T11:22:25","slug":"umit-ozdag-abide-i-hurriyet-meydanina-ovgu-boyle-bir-yeri-gormekten-buyuk-mutluluk-duydum","status":"publish","type":"post","link":"https:\/\/akdenizolay.com.tr\/index.php\/2026\/03\/14\/umit-ozdag-abide-i-hurriyet-meydanina-ovgu-boyle-bir-yeri-gormekten-buyuk-mutluluk-duydum\/","title":{"rendered":"\u00dcmit \u00d6zda\u011f Abide-i H\u00fcrriyet Meydan\u0131\u2019na \u00f6vg\u00fc:     \u201cB\u00f6yle bir yeri g\u00f6rmekten b\u00fcy\u00fck mutluluk duydum.\u201d"},"content":{"rendered":"<p> Zafer Partisi Genel Ba\u015fkan\u0131 \u00dcmit \u00d6zda\u011f, bir dizi program kapsam\u0131nda geldi\u011fi \u0130zmir\u2019de Bornova Belediyesi taraf\u0131ndan Kaz\u0131m Dirik Mahallesi\u2019nde hayata ge\u00e7irilen Abide-i H\u00fcrriyet Meydan\u0131\u2019n\u0131 ziyaret etti. Bornova Belediye Ba\u015fkan\u0131 \u00d6mer E\u015fki\u2019nin e\u015flik etti\u011fi ziyarette, T\u00fcrk d\u00fcnyas\u0131 ve 31 Mart Vakas\u0131\u2019n\u0131 anlatan meydan hakk\u0131nda bilgi verildi. \u00d6zda\u011f, meydan\u0131 \u00e7ok be\u011fendi\u011fini belirterek Ba\u015fkan E\u015fki\u2019ye te\u015fekk\u00fcr etti.<\/p>\n<p>\u00d6zda\u011f\u2019a ziyarette Bornova Belediye Ba\u015fkan\u0131 \u00d6mer E\u015fki e\u015flik ederek meydan hakk\u0131nda bilgi verdi. Ba\u015fkan E\u015fki, meydan\u0131n T\u00fcrk siyasi tarihindeki \u00f6nemli d\u00f6n\u00fcm noktalar\u0131ndan biri olan 31 Mart Vakas\u0131 ve \u00f6zg\u00fcrl\u00fck m\u00fccadelesine at\u0131fta bulunan bir an\u0131 alan\u0131 olarak tasarland\u0131\u011f\u0131n\u0131 anlatt\u0131.<\/p>\n<p><b>A\u00e7\u0131l\u0131\u015f \u0130lbey Ortayl\u0131 ile yap\u0131lm\u0131\u015ft\u0131<\/b><\/p>\n<p>Ba\u015fkan E\u015fki, meydan\u0131n a\u00e7\u0131l\u0131\u015f\u0131n\u0131 27 Nisan 2025 tarihinde d\u00fcn ya\u015fam\u0131n\u0131 yitiren \u00fcnl\u00fc tarih\u00e7i Prof. Dr. \u0130lber Ortayl\u0131\u2019n\u0131n kat\u0131l\u0131m\u0131yla ger\u00e7ekle\u015ftirdiklerini hat\u0131rlatarak projenin tarihsel haf\u0131zay\u0131 canl\u0131 tutmay\u0131 ama\u00e7lad\u0131\u011f\u0131n\u0131 ifade etti.<\/p>\n<p><b>\u00a0\u00d6zda\u011f\u2019dan Ba\u015fkan E\u015fki\u2019ye te\u015fekk\u00fcr<\/b><\/p>\n<p><b>\u00a0<\/b>Meydan\u0131 gezen Zafer Partisi Genel Ba\u015fkan\u0131 \u00dcmit \u00d6zda\u011f, projeyi \u00e7ok be\u011fendi\u011fini belirterek b\u00f6yle bir alan\u0131 g\u00f6rmekten b\u00fcy\u00fck mutluluk duydu\u011funu s\u00f6yledi. \u00d6zda\u011f, tarihsel bilinci g\u00fc\u00e7lendiren bu t\u00fcr \u00e7al\u0131\u015fmalar\u0131n \u00f6nemli oldu\u011funu vurgulayarak Bornova Belediye Ba\u015fkan\u0131 \u00d6mer E\u015fki\u2019ye te\u015fekk\u00fcr etti.<\/p>\n<p>Ziyarette Zafer Partisi \u0130zmir \u0130l Ba\u015fkan\u0131 Sinan Bezircilio\u011flu, \u0130l\u00e7e Ba\u015fkan\u0131 Birg\u00fcl Etiz \u00d6zeken ve partililer de yer ald\u0131.<\/p>\n<p><b>\u00a0Tarihsel haf\u0131zay\u0131 ya\u015fatan meydan<\/b><\/p>\n<p>Bornova Belediyesi taraf\u0131ndan ge\u00e7ti\u011fimiz y\u0131l a\u00e7\u0131lan Abide-i H\u00fcrriyet Meydan\u0131, Osmanl\u0131 d\u00f6neminde me\u015frutiyet ve \u00f6zg\u00fcrl\u00fck m\u00fccadelesinin sembollerinden biri olan Abide-i H\u00fcrriyet an\u0131t\u0131ndan esinlenerek tasarland\u0131. Meydanda T\u00fcrk d\u00fcnyas\u0131na ve \u00f6zg\u00fcrl\u00fck m\u00fccadelesine at\u0131fta bulunan simgesel d\u00fczenlemeler yer al\u0131rken, alan hem tarih bilincini g\u00fc\u00e7lendiren bir kamusal mek\u00e2n hem de Bornoval\u0131lar i\u00e7in yeni bir bulu\u015fma noktas\u0131 olarak hizmet veriyor.<\/p>\n<p><b>\u00a0<\/b><\/p>\n<p>\u00a0<\/p>\n<p>Kaynak: (BYZHA) Beyaz Haber Ajans\u0131<\/p>\n","protected":false},"excerpt":{"rendered":"<p>Zafer Partisi Genel Ba\u015fkan\u0131 \u00dcmit \u00d6zda\u011f, bir dizi program kapsam\u0131nda geldi\u011fi \u0130zmir\u2019de Bornova Belediyesi taraf\u0131ndan Kaz\u0131m Dirik Mahallesi\u2019nde hayata ge\u00e7irilen Abide-i H\u00fcrriyet Meydan\u0131\u2019n\u0131 ziyaret etti.<\/p>\n","protected":false},"author":1,"featured_media":3585,"comment_status":"open","ping_status":"open","sticky":false,"template":"","format":"standard","meta":{"footnotes":""},"categories":[20],"tags":[],"class_list":["post-3584","post","type-post","status-publish","format-standard","has-post-thumbnail","hentry","category-gundem"],"_links":{"self":[{"href":"https:\/\/akdenizolay.com.tr\/index.php\/wp-json\/wp\/v2\/posts\/3584","targetHints":{"allow":["GET"]}}],"collection":[{"href":"https:\/\/akdenizolay.com.tr\/index.php\/wp-json\/wp\/v2\/posts"}],"about":[{"href":"https:\/\/akdenizolay.com.tr\/index.php\/wp-json\/wp\/v2\/types\/post"}],"author":[{"embeddable":true,"href":"https:\/\/akdenizolay.com.tr\/index.php\/wp-json\/wp\/v2\/users\/1"}],"replies":[{"embeddable":true,"href":"https:\/\/akdenizolay.com.tr\/index.php\/wp-json\/wp\/v2\/comments?post=3584"}],"version-history":[{"count":1,"href":"https:\/\/akdenizolay.com.tr\/index.php\/wp-json\/wp\/v2\/posts\/3584\/revisions"}],"predecessor-version":[{"id":3586,"href":"https:\/\/akdenizolay.com.tr\/index.php\/wp-json\/wp\/v2\/posts\/3584\/revisions\/3586"}],"wp:featuredmedia":[{"embeddable":true,"href":"https:\/\/akdenizolay.com.tr\/index.php\/wp-json\/wp\/v2\/media\/3585"}],"wp:attachment":[{"href":"https:\/\/akdenizolay.com.tr\/index.php\/wp-json\/wp\/v2\/media?parent=3584"}],"wp:term":[{"taxonomy":"category","embeddable":true,"href":"https:\/\/akdenizolay.com.tr\/index.php\/wp-json\/wp\/v2\/categories?post=3584"},{"taxonomy":"post_tag","embeddable":true,"href":"https:\/\/akdenizolay.com.tr\/index.php\/wp-json\/wp\/v2\/tags?post=3584"}],"curies":[{"name":"wp","href":"https:\/\/api.w.org\/{rel}","templated":true}]}}