{"id":3587,"date":"2026-03-14T11:22:25","date_gmt":"2026-03-14T11:22:25","guid":{"rendered":"https:\/\/akdenizolay.com.tr\/index.php\/2026\/03\/14\/torbali-belediyesinden-ataturk-mahallesinde-ramazan-sofrasi\/"},"modified":"2026-03-14T11:22:26","modified_gmt":"2026-03-14T11:22:26","slug":"torbali-belediyesinden-ataturk-mahallesinde-ramazan-sofrasi","status":"publish","type":"post","link":"https:\/\/akdenizolay.com.tr\/index.php\/2026\/03\/14\/torbali-belediyesinden-ataturk-mahallesinde-ramazan-sofrasi\/","title":{"rendered":"Torbal\u0131 Belediyesi\u2019nden Atat\u00fcrk Mahallesi\u2019nde Ramazan Sofras\u0131"},"content":{"rendered":"\n<p style=\"margin-bottom:13px\"><span style=\"font-size:11pt\"><span style=\"line-height:115%\"><span style=\"font-family:Calibri,sans-serif\"><span style=\"font-size:12.0pt\"><span style=\"line-height:115%\"><span style=\",serif\">Torbal\u0131 Belediyesi, Ramazan ay\u0131 kapsam\u0131nda Atat\u00fcrk Mahallesi\u2019nde bulunan \u015eehr-i G\u00fclistan \u00c7ok Ama\u00e7l\u0131 Salonu\u2019nda geni\u015f kat\u0131l\u0131ml\u0131 bir iftar program\u0131 d\u00fczenledi.\u00a0 Ger\u00e7ekle\u015fen iftar organizasyonunda il\u00e7e sakinleri ayn\u0131 sofrada bulu\u015farak dualar e\u015fli\u011finde oru\u00e7lar\u0131n\u0131 a\u00e7t\u0131. \u0130ftar program\u0131na kat\u0131lan Torbal\u0131 Belediye Ba\u015fkan\u0131 \u00d6v\u00fcn\u00e7 Demir\u2019e, CHP \u0130l\u00e7e Ba\u015fkan\u0131 \u0130brahim \u00d6zel, CHP \u0130l Ba\u015fkan Yard\u0131mc\u0131s\u0131 Sercan Kaya, belediye ba\u015fkan yard\u0131mc\u0131lar\u0131 ve meclis \u00fcyeleri de e\u015flik etti. Ba\u015fkan Demir, iftar \u00f6ncesinde masalar\u0131 dola\u015farak vatanda\u015flarla sohbet etti ve mahalle sakinleriyle yak\u0131ndan ilgilendi. Program boyunca ilahi ve semazen grubu sahne alarak, Ramazan ay\u0131n\u0131n manevi atmosferinin olu\u015fmas\u0131na katk\u0131 sa\u011flad\u0131. Kat\u0131l\u0131mc\u0131lar, hem birlik ve beraberlik duygusunu peki\u015ftiren hem de Ramazan\u2019\u0131n co\u015fkusunu ya\u015fatan programdan memnuniyetlerini dile getirdi.<\/span><\/span><\/span><\/span><\/span><\/span><\/p>\n<p style=\"margin-bottom:13px\"><span style=\"font-size:11pt\"><span style=\"line-height:115%\"><span style=\"font-family:Calibri,sans-serif\"><b><span style=\"font-size:12.0pt\"><span style=\"line-height:115%\"><span style=\",serif\">DEM\u0130R: &#8220;HEP\u0130M\u0130Z\u0130N RAMAZAN AYI M\u00dcBAREK OLSUN&#8221;<\/span><\/span><\/span><\/b><\/span><\/span><\/span><\/p>\n<p style=\"margin-bottom:13px\"><span style=\"font-size:11pt\"><span style=\"line-height:115%\"><span style=\"font-family:Calibri,sans-serif\"><span style=\"font-size:12.0pt\"><span style=\"line-height:115%\"><span style=\",serif\">\u0130ftar yeme\u011finde konu\u015fan Torbal\u0131 Belediye Ba\u015fkan\u0131 \u00d6v\u00fcn\u00e7 Demir, yapt\u0131\u011f\u0131 a\u00e7\u0131klamada &#8220;Ramazan ay\u0131 dostlu\u011fun ve birli\u011fin en g\u00fc\u00e7l\u00fc \u015fekilde ya\u015fand\u0131\u011f\u0131 bir ayd\u0131r. Kom\u015fular\u0131m\u0131zla birlikte oturdu\u011fumuz, g\u00f6z g\u00f6ze bakt\u0131\u011f\u0131m\u0131z, kol kola girdi\u011fimiz, i\u00e7ten ve samimi sohbetler etti\u011fimiz m\u00fcbarek bir zaman dilimidir. Bu ak\u015fam iftar sofram\u0131z\u0131 Atat\u00fcrk Mahallemizde kurduk. Gencimizle, b\u00fcy\u00fc\u011f\u00fcm\u00fczle, \u00e7olu\u011fumuzla \u00e7ocu\u011fumuzla ayn\u0131 sofrada bulu\u015ftuk, hep birlikte dualar\u0131m\u0131z\u0131 ettik. Sizlerin Ramazan ay\u0131n\u0131 tebrik ediyor, \u015fimdiden Ramazan Bayram\u0131\u2019n\u0131z\u0131 kutluyorum. Sizi \u00e7ok seviyorum, iyi ki vars\u0131n\u0131z. Rabbim sa\u011fl\u0131kla bayrama kavu\u015fmay\u0131 nasip etsin. \u0130yi ki geldiniz, ayaklar\u0131n\u0131za sa\u011fl\u0131k&#8221; ifadelerini kulland\u0131.<\/span><\/span><\/span><\/span><\/span><\/span><\/p>\n<p style=\"margin-bottom:13px\">\u00a0<\/p>\n<p style=\"margin-bottom:13px\">\u00a0<\/p>\n<p>Kaynak: (BYZHA) Beyaz Haber Ajans\u0131<\/p>\n","protected":false},"excerpt":{"rendered":"<p>Torbal\u0131 Belediyesi, Ramazan ay\u0131 kapsam\u0131nda Atat\u00fcrk Mahallesi\u2019nde bulunan \u015eehr-i G\u00fclistan \u00c7ok Ama\u00e7l\u0131 Salonu\u2019nda geni\u015f kat\u0131l\u0131ml\u0131 bir iftar program\u0131 d\u00fczenledi.<\/p>\n","protected":false},"author":1,"featured_media":3588,"comment_status":"open","ping_status":"open","sticky":false,"template":"","format":"standard","meta":{"footnotes":""},"categories":[20],"tags":[],"class_list":["post-3587","post","type-post","status-publish","format-standard","has-post-thumbnail","hentry","category-gundem"],"_links":{"self":[{"href":"https:\/\/akdenizolay.com.tr\/index.php\/wp-json\/wp\/v2\/posts\/3587","targetHints":{"allow":["GET"]}}],"collection":[{"href":"https:\/\/akdenizolay.com.tr\/index.php\/wp-json\/wp\/v2\/posts"}],"about":[{"href":"https:\/\/akdenizolay.com.tr\/index.php\/wp-json\/wp\/v2\/types\/post"}],"author":[{"embeddable":true,"href":"https:\/\/akdenizolay.com.tr\/index.php\/wp-json\/wp\/v2\/users\/1"}],"replies":[{"embeddable":true,"href":"https:\/\/akdenizolay.com.tr\/index.php\/wp-json\/wp\/v2\/comments?post=3587"}],"version-history":[{"count":1,"href":"https:\/\/akdenizolay.com.tr\/index.php\/wp-json\/wp\/v2\/posts\/3587\/revisions"}],"predecessor-version":[{"id":3589,"href":"https:\/\/akdenizolay.com.tr\/index.php\/wp-json\/wp\/v2\/posts\/3587\/revisions\/3589"}],"wp:featuredmedia":[{"embeddable":true,"href":"https:\/\/akdenizolay.com.tr\/index.php\/wp-json\/wp\/v2\/media\/3588"}],"wp:attachment":[{"href":"https:\/\/akdenizolay.com.tr\/index.php\/wp-json\/wp\/v2\/media?parent=3587"}],"wp:term":[{"taxonomy":"category","embeddable":true,"href":"https:\/\/akdenizolay.com.tr\/index.php\/wp-json\/wp\/v2\/categories?post=3587"},{"taxonomy":"post_tag","embeddable":true,"href":"https:\/\/akdenizolay.com.tr\/index.php\/wp-json\/wp\/v2\/tags?post=3587"}],"curies":[{"name":"wp","href":"https:\/\/api.w.org\/{rel}","templated":true}]}}