{"id":3617,"date":"2026-03-14T11:35:57","date_gmt":"2026-03-14T11:35:57","guid":{"rendered":"https:\/\/akdenizolay.com.tr\/index.php\/2026\/03\/14\/belediye-baskanimiz-rasim-ari-14-mart-tip-bayramini-kutladi\/"},"modified":"2026-03-14T11:35:58","modified_gmt":"2026-03-14T11:35:58","slug":"belediye-baskanimiz-rasim-ari-14-mart-tip-bayramini-kutladi","status":"publish","type":"post","link":"https:\/\/akdenizolay.com.tr\/index.php\/2026\/03\/14\/belediye-baskanimiz-rasim-ari-14-mart-tip-bayramini-kutladi\/","title":{"rendered":"Belediye Ba\u015fkan\u0131m\u0131z Rasim Ar\u0131, 14 Mart T\u0131p Bayram\u0131\u2019n\u0131 Kutlad\u0131"},"content":{"rendered":"\n<p class=\"MsoNoSpacing\"><span style=\"font-size:11pt\"><span style=\"font-family:Calibri,sans-serif\"><span class=\"MsoSubtleEmphasis\" style=\"color:gray\"><span style=\"font-style:italic\"><span style=\"font-size:14.0pt\">Nev\u015fehir Belediye Ba\u015fkan\u0131 Rasim Ar\u0131, 14 Mart T\u0131p Bayram\u0131 dolay\u0131s\u0131yla bir mesaj yay\u0131nlayarak b\u00fct\u00fcn Sa\u011fl\u0131k \u00e7al\u0131\u015fanlar\u0131n\u0131n g\u00fcn\u00fcn\u00fc kutlad\u0131.<\/span><\/span><\/span><\/span><\/span><\/p>\n<p class=\"MsoNoSpacing\"><span style=\"font-size:11pt\"><span style=\"font-family:Calibri,sans-serif\"><span class=\"MsoSubtleEmphasis\" style=\"color:gray\"><span style=\"font-style:italic\"><span style=\"font-size:14.0pt\">Ba\u015fkan Ar\u0131 mesaj\u0131nda \u015fu ifadelere yer verdi: <\/span><\/span><\/span><\/span><\/span><\/p>\n<p class=\"MsoNoSpacing\"><span style=\"font-size:11pt\"><span style=\"font-family:Calibri,sans-serif\"><span class=\"MsoSubtleEmphasis\" style=\"color:gray\"><span style=\"font-style:italic\"><span style=\"font-size:14.0pt\">&#8220;\u0130nsan hayat\u0131n\u0131 her ko\u015fulda her \u015feyin \u00fcst\u00fcnde tutan, fedak\u00e2rl\u0131k ve \u00f6zveriyle g\u00f6rev yapan t\u00fcm hekimlerimizin ve sa\u011fl\u0131k \u00e7al\u0131\u015fanlar\u0131m\u0131z\u0131n 14 Mart\u00a0T\u0131p Bayram\u0131n\u0131 kutluyorum.<\/span><\/span><\/span><\/span><\/span><\/p>\n<p class=\"MsoNoSpacing\"><span style=\"font-size:11pt\"><span style=\"font-family:Calibri,sans-serif\"><span class=\"MsoSubtleEmphasis\" style=\"color:gray\"><span style=\"font-style:italic\"><span style=\"font-size:14.0pt\">Sa\u011fl\u0131k alan\u0131nda \u00e7al\u0131\u015fan kahramanlar\u0131m\u0131z, zor \u015fartlar alt\u0131nda, b\u00fcy\u00fck bir \u00f6zveriyle toplum sa\u011fl\u0131\u011f\u0131 i\u00e7in m\u00fccadele ediyor. Halk\u0131m\u0131z\u0131n sa\u011fl\u0131\u011f\u0131 i\u00e7in \u00e7al\u0131\u015fan doktorlar\u0131m\u0131z, hem\u015firelerimiz, sa\u011fl\u0131k teknikerlerimiz ve t\u00fcm sa\u011fl\u0131k \u00e7al\u0131\u015fanlar\u0131m\u0131z, kocaman te\u015fekk\u00fcr\u00fc hak ediyor.<\/span><\/span><\/span><\/span><\/span><\/p>\n<p class=\"MsoNoSpacing\"><span style=\"font-size:11pt\"><span style=\"font-family:Calibri,sans-serif\"><span class=\"MsoSubtleEmphasis\" style=\"color:gray\"><span style=\"font-style:italic\"><span style=\"font-size:14.0pt\">Bu vesileyle Gazi Mustafa Kemal Atat\u00fcrk\u2019\u00fcn \u201cBeni T\u00fcrk hekimlerine emanet ediniz\u201d s\u00f6z\u00fcndeki gibi \u00fclkemizin de\u011ferli ve k\u0131ymetli sa\u011fl\u0131k \u00e7al\u0131\u015fanlar\u0131na olan g\u00fcvenimizi ve minnettarl\u0131\u011f\u0131m\u0131z\u0131 tekrar vurgulamak isterim.<\/span><\/span><\/span><\/span><\/span><\/p>\n<p class=\"MsoNoSpacing\"><span style=\"font-size:11pt\"><span style=\"font-family:Calibri,sans-serif\"><span class=\"MsoSubtleEmphasis\" style=\"color:gray\"><span style=\"font-style:italic\"><span style=\"font-size:14.0pt\">Sa\u011fl\u0131\u011f\u0131m\u0131z i\u00e7in emek veren t\u00fcm sa\u011fl\u0131k \u00e7al\u0131\u015fanlar\u0131na en kalbi duygularla \u015f\u00fckranlar\u0131m\u0131 sunuyor, ahirete g\u00f6\u00e7 eden sa\u011fl\u0131k emek\u00e7ilerimizi sayg\u0131 ve rahmetle an\u0131yorum. 14 Mart T\u0131p Bayram\u0131n\u0131z kutlu olsun.\u201d<\/span><\/span><\/span><\/span><\/span><\/p>\n<p class=\"MsoNoSpacing\">\u00a0<\/p>\n<p>Kaynak: (BYZHA) Beyaz Haber Ajans\u0131<\/p>\n","protected":false},"excerpt":{"rendered":"<p>Nev\u015fehir Belediye Ba\u015fkan\u0131 Rasim Ar\u0131, 14 Mart T\u0131p Bayram\u0131 dolay\u0131s\u0131yla bir mesaj yay\u0131nlayarak b\u00fct\u00fcn Sa\u011fl\u0131k \u00e7al\u0131\u015fanlar\u0131n\u0131n g\u00fcn\u00fcn\u00fc kutlad\u0131.<\/p>\n","protected":false},"author":1,"featured_media":3618,"comment_status":"open","ping_status":"open","sticky":false,"template":"","format":"standard","meta":{"footnotes":""},"categories":[23],"tags":[],"class_list":["post-3617","post","type-post","status-publish","format-standard","has-post-thumbnail","hentry","category-saglik"],"_links":{"self":[{"href":"https:\/\/akdenizolay.com.tr\/index.php\/wp-json\/wp\/v2\/posts\/3617","targetHints":{"allow":["GET"]}}],"collection":[{"href":"https:\/\/akdenizolay.com.tr\/index.php\/wp-json\/wp\/v2\/posts"}],"about":[{"href":"https:\/\/akdenizolay.com.tr\/index.php\/wp-json\/wp\/v2\/types\/post"}],"author":[{"embeddable":true,"href":"https:\/\/akdenizolay.com.tr\/index.php\/wp-json\/wp\/v2\/users\/1"}],"replies":[{"embeddable":true,"href":"https:\/\/akdenizolay.com.tr\/index.php\/wp-json\/wp\/v2\/comments?post=3617"}],"version-history":[{"count":1,"href":"https:\/\/akdenizolay.com.tr\/index.php\/wp-json\/wp\/v2\/posts\/3617\/revisions"}],"predecessor-version":[{"id":3619,"href":"https:\/\/akdenizolay.com.tr\/index.php\/wp-json\/wp\/v2\/posts\/3617\/revisions\/3619"}],"wp:featuredmedia":[{"embeddable":true,"href":"https:\/\/akdenizolay.com.tr\/index.php\/wp-json\/wp\/v2\/media\/3618"}],"wp:attachment":[{"href":"https:\/\/akdenizolay.com.tr\/index.php\/wp-json\/wp\/v2\/media?parent=3617"}],"wp:term":[{"taxonomy":"category","embeddable":true,"href":"https:\/\/akdenizolay.com.tr\/index.php\/wp-json\/wp\/v2\/categories?post=3617"},{"taxonomy":"post_tag","embeddable":true,"href":"https:\/\/akdenizolay.com.tr\/index.php\/wp-json\/wp\/v2\/tags?post=3617"}],"curies":[{"name":"wp","href":"https:\/\/api.w.org\/{rel}","templated":true}]}}