{"id":3632,"date":"2026-03-14T11:54:28","date_gmt":"2026-03-14T11:54:28","guid":{"rendered":"https:\/\/akdenizolay.com.tr\/index.php\/2026\/03\/14\/manisa-buyuksehir-belediyesinin-iftar-sofrasi-selendide-kuruldu\/"},"modified":"2026-03-14T11:54:29","modified_gmt":"2026-03-14T11:54:29","slug":"manisa-buyuksehir-belediyesinin-iftar-sofrasi-selendide-kuruldu","status":"publish","type":"post","link":"https:\/\/akdenizolay.com.tr\/index.php\/2026\/03\/14\/manisa-buyuksehir-belediyesinin-iftar-sofrasi-selendide-kuruldu\/","title":{"rendered":"Manisa B\u00fcy\u00fck\u015fehir Belediyesinin \u0130ftar Sofras\u0131 Selendi\u2019de Kuruldu"},"content":{"rendered":"<p> Manisa B\u00fcy\u00fck\u015fehir Belediyesi, Ramazan ay\u0131n\u0131n birlik, beraberlik ve dayan\u0131\u015fma ruhunu Selendi il\u00e7esinde kurulan iftar sofras\u0131nda ya\u015fatt\u0131. Vatanda\u015flar\u0131n yo\u011fun ilgi g\u00f6sterdi\u011fi programa, Manisa B\u00fcy\u00fck\u015fehir Belediyesi Genel Sekreter Yard\u0131mc\u0131lar\u0131 Ata Temiz ve Ula\u015f Ayd\u0131n da kat\u0131ld\u0131.<\/p>\n<p>Manisa B\u00fcy\u00fck\u015fehir Belediyesi, Ramazan ay\u0131n\u0131n birlik, beraberlik ve dayan\u0131\u015fma ruhunu Selendi\u2019de kurulan iftar sofras\u0131nda ya\u015fatt\u0131. Selendi il\u00e7esinde d\u00fczenlenen iftar program\u0131nda vatanda\u015flar bir araya gelerek oru\u00e7lar\u0131n\u0131 ayn\u0131 sofrada a\u00e7t\u0131. Birlik ve beraberlik duygular\u0131n\u0131n \u00f6n plana \u00e7\u0131kt\u0131\u011f\u0131 iftar bulu\u015fmas\u0131na Manisa B\u00fcy\u00fck\u015fehir Belediyesi Genel Sekreter Yard\u0131mc\u0131lar\u0131 Ahmet Ata Temiz ile Ula\u015f Ayd\u0131n kat\u0131l\u0131rken, CHP Selendi \u0130l\u00e7e Ba\u015fkan\u0131 Cemil Kurt, B\u00fcy\u00fck\u015fehir Belediyesi Selendi Muhtarl\u0131k \u0130\u015fleri \u015eube M\u00fcd\u00fcr\u00fc S\u00fcleyman Girgin ve Selendi Muhtarlar Derne\u011fi Ba\u015fkan\u0131 Mehmet Ustac\u0131 da e\u015flik etti. Ezan\u0131n okunmas\u0131yla birlikte oru\u00e7lar\u0131n\u0131 ayn\u0131 sofrada a\u00e7an vatanda\u015flar, Ramazan ay\u0131n\u0131n huzurunu hep birlikte payla\u015ft\u0131.<\/p>\n<p><b>Selendi Muhtarlar Derne\u011fi\u2019ne Ziyaret<\/b><\/p>\n<p>Program kapsam\u0131nda Selendi Muhtarlar Derne\u011fi\u2019ni de ziyaret eden Ahmet Ata Temiz ve Ula\u015f Ayd\u0131n, il\u00e7edeki muhtarlarla bir araya gelerek fikir al\u0131\u015fveri\u015finde bulundu. Ziyaret s\u0131ras\u0131nda Manisa B\u00fcy\u00fck\u015fehir Belediye Ba\u015fkan\u0131 Besim Dutlulu\u2019nun selamlar\u0131n\u0131 ileten heyet, muhtarlar\u0131n ve vatanda\u015flar\u0131n Ramazan ay\u0131n\u0131 tebrik etti.<\/p>\n<p><b>\u00c7ocuklar da Unutulmad\u0131<\/b><\/p>\n<p>\u0130ftar yeme\u011finin ard\u0131ndan \u00e7ocuklar i\u00e7in d\u00fczenlenen etkinlikler, Ramazan ak\u015fam\u0131na ayr\u0131 bir ne\u015fe katt\u0131. Geleneksel g\u00f6lge oyunu Hacivat-Karag\u00f6z g\u00f6sterisi miniklere keyifli anlar ya\u015fat\u0131rken, sihirbazl\u0131k g\u00f6sterileri de hem \u00e7ocuklar\u0131n hem de ailelerin b\u00fcy\u00fck ilgisini \u00e7ekti.<\/p>\n<p>\u00a0<\/p>\n<p>Kaynak: (BYZHA) Beyaz Haber Ajans\u0131<\/p>\n","protected":false},"excerpt":{"rendered":"<p>Manisa B\u00fcy\u00fck\u015fehir Belediyesi, Ramazan ay\u0131n\u0131n birlik, beraberlik ve dayan\u0131\u015fma ruhunu Selendi il\u00e7esinde kurulan iftar sofras\u0131nda ya\u015fatt\u0131.<\/p>\n","protected":false},"author":1,"featured_media":3633,"comment_status":"open","ping_status":"open","sticky":false,"template":"","format":"standard","meta":{"footnotes":""},"categories":[20],"tags":[],"class_list":["post-3632","post","type-post","status-publish","format-standard","has-post-thumbnail","hentry","category-gundem"],"_links":{"self":[{"href":"https:\/\/akdenizolay.com.tr\/index.php\/wp-json\/wp\/v2\/posts\/3632","targetHints":{"allow":["GET"]}}],"collection":[{"href":"https:\/\/akdenizolay.com.tr\/index.php\/wp-json\/wp\/v2\/posts"}],"about":[{"href":"https:\/\/akdenizolay.com.tr\/index.php\/wp-json\/wp\/v2\/types\/post"}],"author":[{"embeddable":true,"href":"https:\/\/akdenizolay.com.tr\/index.php\/wp-json\/wp\/v2\/users\/1"}],"replies":[{"embeddable":true,"href":"https:\/\/akdenizolay.com.tr\/index.php\/wp-json\/wp\/v2\/comments?post=3632"}],"version-history":[{"count":1,"href":"https:\/\/akdenizolay.com.tr\/index.php\/wp-json\/wp\/v2\/posts\/3632\/revisions"}],"predecessor-version":[{"id":3634,"href":"https:\/\/akdenizolay.com.tr\/index.php\/wp-json\/wp\/v2\/posts\/3632\/revisions\/3634"}],"wp:featuredmedia":[{"embeddable":true,"href":"https:\/\/akdenizolay.com.tr\/index.php\/wp-json\/wp\/v2\/media\/3633"}],"wp:attachment":[{"href":"https:\/\/akdenizolay.com.tr\/index.php\/wp-json\/wp\/v2\/media?parent=3632"}],"wp:term":[{"taxonomy":"category","embeddable":true,"href":"https:\/\/akdenizolay.com.tr\/index.php\/wp-json\/wp\/v2\/categories?post=3632"},{"taxonomy":"post_tag","embeddable":true,"href":"https:\/\/akdenizolay.com.tr\/index.php\/wp-json\/wp\/v2\/tags?post=3632"}],"curies":[{"name":"wp","href":"https:\/\/api.w.org\/{rel}","templated":true}]}}