{"id":3641,"date":"2026-03-14T15:37:44","date_gmt":"2026-03-14T15:37:44","guid":{"rendered":"https:\/\/akdenizolay.com.tr\/index.php\/2026\/03\/14\/ayvalik-kadin-oyunlari-festivali-altinci-kez-perdelerini-acti\/"},"modified":"2026-03-14T15:37:45","modified_gmt":"2026-03-14T15:37:45","slug":"ayvalik-kadin-oyunlari-festivali-altinci-kez-perdelerini-acti","status":"publish","type":"post","link":"https:\/\/akdenizolay.com.tr\/index.php\/2026\/03\/14\/ayvalik-kadin-oyunlari-festivali-altinci-kez-perdelerini-acti\/","title":{"rendered":"Ayval\u0131k Kad\u0131n Oyunlar\u0131 Festivali Alt\u0131nc\u0131 Kez Perdelerini A\u00e7t\u0131"},"content":{"rendered":"\n<p style=\"margin-bottom:11px\"><span style=\"font-size:11pt\"><span style=\"line-height:107%\"><span style=\"font-family:Calibri,sans-serif\">Ayval\u0131k Belediyesi\u2019nin ev sahipli\u011finde bu y\u0131l 6\u2019nc\u0131s\u0131 d\u00fczenlenen Kad\u0131n Oyunlar\u0131 Festivali, Ayval\u0131k\u2019\u0131n yeni k\u00fclt\u00fcr ve sanat noktas\u0131 Rauf Denkta\u015f K\u00fclt\u00fcr Merkezi\u2019nde tiyatroseverlerle bulu\u015ftu.<\/span><\/span><\/span><\/p>\n<p style=\"margin-bottom:11px\"><span style=\"font-size:11pt\"><span style=\"line-height:107%\"><span style=\"font-family:Calibri,sans-serif\">13 Mart Cuma ak\u015fam\u0131 sahnelenen \u201cG\u00f6zba\u011fc\u0131\u201d adl\u0131 oyunla festivalin a\u00e7\u0131l\u0131\u015f\u0131 yap\u0131ld\u0131. Be\u015f g\u00fcn boyunca birbirinden de\u011ferli be\u015f farkl\u0131 kad\u0131n temal\u0131 oyun, her ak\u015fam saat 21.00\u2019de, \u201cperde\u201d diyecek.<\/span><\/span><\/span><\/p>\n<p style=\"margin-bottom:11px\"><span style=\"font-size:11pt\"><span style=\"line-height:107%\"><span style=\"font-family:Calibri,sans-serif\">A\u00e7\u0131l\u0131\u015f\u0131 ger\u00e7ekle\u015ftiren Ayval\u0131k Belediye Ba\u015fkan\u0131 Mesut Ergin, \u201cAyval\u0131k\u2019\u0131n k\u00fclt\u00fcr ve sanat ya\u015fam\u0131na de\u011fer katan \u00e7ok \u00f6zel bir etkinli\u011fin, 6. Kad\u0131n Oyunlar\u0131 Festivali\u2019nin a\u00e7\u0131l\u0131\u015f\u0131nda sizlerle bir arada olmaktan b\u00fcy\u00fck mutluluk duyuyorum. T\u00fcrkiye\u2019nin ve Avrupa\u2019n\u0131n kad\u0131n temal\u0131 tek tiyatro festivali olma \u00f6zelli\u011fini ta\u015f\u0131yan Kad\u0131n Oyunlar\u0131 Festivali, alt\u0131nc\u0131 y\u0131l\u0131nda da sanat\u0131n d\u00f6n\u00fc\u015ft\u00fcr\u00fcc\u00fc g\u00fcc\u00fcn\u00fc Ayval\u0131k\u2019tan t\u00fcm \u00fclkeye ve d\u00fcnyaya ula\u015ft\u0131rmaya devam ediyor\u201d dedi. <\/span><\/span><\/span><\/p>\n<p style=\"margin-bottom:11px\"><span style=\"font-size:11pt\"><span style=\"line-height:107%\"><span style=\"font-family:Calibri,sans-serif\">13\u201317 Mart tarihleri aras\u0131nda sahnelenecek birbirinden de\u011ferli oyunlarla, tiyatronun g\u00fc\u00e7l\u00fc anlat\u0131m dili arac\u0131l\u0131\u011f\u0131yla kad\u0131nlar\u0131n hik\u00e2yelerini, m\u00fccadelelerini, umutlar\u0131n\u0131 ve ya\u015fam deneyimlerinin birlikte payla\u015f\u0131laca\u011f\u0131n\u0131 belirten Ba\u015fkan Mesut Ergin, \u201cFestivalimiz boyunca G\u00f6zba\u011fc\u0131, \u015eairler Mezarl\u0131\u011f\u0131, Yaln\u0131z Ba\u015faklara Azg\u0131n Bo\u011fa, Sendrom ve Olga Ma\u015fa Irina \u2013 Yine \u00dc\u00e7 K\u0131z Karde\u015f gibi \u00f6nemli yap\u0131mlar\u0131 Ayval\u0131kl\u0131 tiyatroseverlerle bulu\u015fturaca\u011f\u0131z\u201d dedi. <\/span><\/span><\/span><\/p>\n<p style=\"margin-bottom:11px\"><span style=\"font-size:11pt\"><span style=\"line-height:107%\"><span style=\"font-family:Calibri,sans-serif\">Her biri titiz bir de\u011ferlendirme s\u00fcrecinin ard\u0131ndan se\u00e7ilen oyunlar\u0131n, kad\u0131n temas\u0131n\u0131n derinlikli ve nitelikli bir bak\u0131\u015f a\u00e7\u0131s\u0131yla ele al\u0131nd\u0131\u011f\u0131n\u0131 dile getiren Ba\u015fkan Ergin \u015f\u00f6yle konu\u015ftu;<\/span><\/span><\/span><\/p>\n<p style=\"margin-bottom:11px\"><span style=\"font-size:11pt\"><span style=\"line-height:107%\"><span style=\"font-family:Calibri,sans-serif\">\u00a0\u201cBizler de Ayval\u0131k Belediyesi olarak sanat\u0131 yaln\u0131zca izlenen bir etkinlik de\u011fil; d\u00fc\u015f\u00fcnmeye, sorgulamaya ve toplumsal fark\u0131ndal\u0131k yaratmaya katk\u0131 sa\u011flayan g\u00fc\u00e7l\u00fc bir alan olarak g\u00f6r\u00fcyoruz. Bu festivalin en anlaml\u0131 yanlar\u0131ndan biri de yaln\u0131zca sahnede de\u011fil, hayat\u0131n i\u00e7inde de iz b\u0131rakmas\u0131d\u0131r. Her y\u0131l festival gelirinin belirli bir b\u00f6l\u00fcm\u00fcn\u00fcn k\u0131z \u00e7ocuklar\u0131n\u0131n e\u011fitim bursuna aktar\u0131lmas\u0131, sanat\u0131n toplumsal dayan\u0131\u015fmayla bulu\u015fmas\u0131n\u0131n en g\u00fczel \u00f6rneklerinden biridir. Sanat\u0131n \u0131\u015f\u0131\u011f\u0131n\u0131n gen\u00e7 k\u0131zlar\u0131m\u0131z\u0131n e\u011fitim yolculu\u011funu ayd\u0131nlatmas\u0131na katk\u0131 sa\u011flamak bizler i\u00e7in b\u00fcy\u00fck bir gurur kayna\u011f\u0131d\u0131r. Festivalimizin uluslararas\u0131 alanda da ilgi g\u00f6rmesi bizleri ayr\u0131ca mutlu ediyor. ABD\u2019de John Hopkins \u00dcniversitesi\u2019nin yay\u0131mlad\u0131\u011f\u0131 Theatre Journal dergisinde festivalimize yer verilmesi, Ayval\u0131k\u2019ta do\u011fan bu de\u011ferli sanat bulu\u015fmas\u0131n\u0131n d\u00fcnyada da dikkatle takip edildi\u011finin \u00f6nemli bir g\u00f6stergesidir.\u201d<\/span><\/span><\/span><\/p>\n<p style=\"margin-bottom:11px\"><span style=\"font-size:11pt\"><span style=\"line-height:107%\"><span style=\"font-family:Calibri,sans-serif\">Ayval\u0131k\u2019\u0131n, tarihiyle, do\u011fas\u0131yla ve k\u00fclt\u00fcrel birikimiyle her zaman sanat\u0131n ve sanat\u00e7\u0131n\u0131n yan\u0131nda oldu\u011funu vurgulayan Ba\u015fkan Mesut Ergin, \u015f\u00f6yle devam etti:<\/span><\/span><\/span><\/p>\n<p style=\"margin-bottom:11px\"><span style=\"font-size:11pt\"><span style=\"line-height:107%\"><span style=\"font-family:Calibri,sans-serif\">\u201cBiz de yerel y\u00f6netim olarak bu miras\u0131 b\u00fcy\u00fctmeye, kenti y\u0131l boyunca festivallerin, tiyatronun, m\u00fczi\u011fin ve sanat\u0131n merkezi haline getirmeye kararl\u0131l\u0131kla devam ediyoruz. Bu de\u011ferli organizasyonun ger\u00e7ekle\u015fmesinde eme\u011fi ge\u00e7en ba\u015fta Festival Direkt\u00f6r\u00fc Hasan Aldemir olmak \u00fczere t\u00fcm sanat\u00e7\u0131lar\u0131m\u0131za, organizasyon ekibine, destek veren kurum ve kurulu\u015flara ve elbette festivalimizi sahiplenen siz de\u011ferli sanatseverlere g\u00f6n\u00fclden te\u015fekk\u00fcr ediyorum. Sanatla, dayan\u0131\u015fmayla ve umutla dolu bir festival diliyorum.\u201d<\/span><\/span><\/span><\/p>\n<p style=\"margin-bottom:11px\">\u00a0<\/p>\n<p style=\"margin-bottom:11px\">\u00a0<\/p>\n<p>Kaynak: (BYZHA) Beyaz Haber Ajans\u0131<\/p>\n","protected":false},"excerpt":{"rendered":"<p>Ayval\u0131k Belediyesi\u2019nin ev sahipli\u011finde bu y\u0131l 6\u2019nc\u0131s\u0131 d\u00fczenlenen Kad\u0131n Oyunlar\u0131 Festivali, Ayval\u0131k\u2019\u0131n yeni k\u00fclt\u00fcr ve sanat noktas\u0131 Rauf Denkta\u015f K\u00fclt\u00fcr Merkezi\u2019nde tiyatroseverlerle bulu\u015ftu.<\/p>\n","protected":false},"author":1,"featured_media":3642,"comment_status":"open","ping_status":"open","sticky":false,"template":"","format":"standard","meta":{"footnotes":""},"categories":[24],"tags":[],"class_list":["post-3641","post","type-post","status-publish","format-standard","has-post-thumbnail","hentry","category-kultur-sanat"],"_links":{"self":[{"href":"https:\/\/akdenizolay.com.tr\/index.php\/wp-json\/wp\/v2\/posts\/3641","targetHints":{"allow":["GET"]}}],"collection":[{"href":"https:\/\/akdenizolay.com.tr\/index.php\/wp-json\/wp\/v2\/posts"}],"about":[{"href":"https:\/\/akdenizolay.com.tr\/index.php\/wp-json\/wp\/v2\/types\/post"}],"author":[{"embeddable":true,"href":"https:\/\/akdenizolay.com.tr\/index.php\/wp-json\/wp\/v2\/users\/1"}],"replies":[{"embeddable":true,"href":"https:\/\/akdenizolay.com.tr\/index.php\/wp-json\/wp\/v2\/comments?post=3641"}],"version-history":[{"count":1,"href":"https:\/\/akdenizolay.com.tr\/index.php\/wp-json\/wp\/v2\/posts\/3641\/revisions"}],"predecessor-version":[{"id":3643,"href":"https:\/\/akdenizolay.com.tr\/index.php\/wp-json\/wp\/v2\/posts\/3641\/revisions\/3643"}],"wp:featuredmedia":[{"embeddable":true,"href":"https:\/\/akdenizolay.com.tr\/index.php\/wp-json\/wp\/v2\/media\/3642"}],"wp:attachment":[{"href":"https:\/\/akdenizolay.com.tr\/index.php\/wp-json\/wp\/v2\/media?parent=3641"}],"wp:term":[{"taxonomy":"category","embeddable":true,"href":"https:\/\/akdenizolay.com.tr\/index.php\/wp-json\/wp\/v2\/categories?post=3641"},{"taxonomy":"post_tag","embeddable":true,"href":"https:\/\/akdenizolay.com.tr\/index.php\/wp-json\/wp\/v2\/tags?post=3641"}],"curies":[{"name":"wp","href":"https:\/\/api.w.org\/{rel}","templated":true}]}}