{"id":3998,"date":"2026-03-16T10:20:35","date_gmt":"2026-03-16T10:20:35","guid":{"rendered":"https:\/\/akdenizolay.com.tr\/index.php\/2026\/03\/16\/baskan-rasim-ari-butun-islam-aleminin-kadir-gecesini-kutladi\/"},"modified":"2026-03-16T10:20:36","modified_gmt":"2026-03-16T10:20:36","slug":"baskan-rasim-ari-butun-islam-aleminin-kadir-gecesini-kutladi","status":"publish","type":"post","link":"https:\/\/akdenizolay.com.tr\/index.php\/2026\/03\/16\/baskan-rasim-ari-butun-islam-aleminin-kadir-gecesini-kutladi\/","title":{"rendered":"Ba\u015fkan Rasim Ar\u0131, B\u00fct\u00fcn \u0130slam Aleminin Kadir Gecesi\u2019ni Kutlad\u0131"},"content":{"rendered":"\n<p class=\"MsoNoSpacing\"><span style=\"font-size:11pt\"><span style=\"font-family:Calibri,sans-serif\"><span class=\"MsoSubtleEmphasis\" style=\"color:gray\"><span style=\"font-style:italic\"><span style=\"font-size:13.0pt\">Nev\u015fehir Belediye Ba\u015fkan\u0131 Rasim Ar\u0131 mesaj yay\u0131nlayarak i\u00e7inde sonsuz g\u00fczellikler bar\u0131nd\u0131ran Kadir Gecesi\u2019nin b\u00fct\u00fcn insanl\u0131\u011fa ve \u0130slam \u00e2lemine sa\u011fl\u0131k, mutluluk ve huzur getirmesini diledi.<\/span><\/span><\/span><\/span><\/span><\/p>\n<p class=\"MsoNoSpacing\"><span style=\"font-size:11pt\"><span style=\"font-family:Calibri,sans-serif\"><span class=\"MsoSubtleEmphasis\" style=\"color:gray\"><span style=\"font-style:italic\"><span style=\"font-size:13.0pt\">Belediye Ba\u015fkan\u0131 Rasim Ar\u0131, Kadir Gecesi dolay\u0131s\u0131yla yapt\u0131\u011f\u0131 a\u00e7\u0131klamada b\u00fct\u00fcn \u0130slam \u00c2leminin Kadir Gecesini kutlad\u0131. Y\u00fcce Allah\u2019\u0131n t\u00fcm insanl\u0131\u011fa kurtulu\u015f \u00e7a\u011fr\u0131s\u0131 olarak g\u00f6ndermi\u015f oldu\u011fu Kur\u2019an\u2019\u0131n indirilmeye ba\u015fland\u0131\u011f\u0131, esenlik ve g\u00fcvenli\u011fin k\u00e2inata yay\u0131ld\u0131\u011f\u0131, ilahi rahmet ve l\u00fctuflar\u0131n bol oldu\u011fu bu gecenin t\u00fcm insanl\u0131k i\u00e7in huzur, bar\u0131\u015f ve kurtulu\u015fa vesile olmas\u0131n\u0131 dileyen Ba\u015fkan\u0131m\u0131z Ar\u0131 mesaj\u0131nda \u015fu ifadeleri kulland\u0131;<\/span><\/span><\/span><\/span><\/span><\/p>\n<p class=\"MsoNoSpacing\"><span style=\"font-size:11pt\"><span style=\"font-family:Calibri,sans-serif\"><span class=\"MsoSubtleEmphasis\" style=\"color:gray\"><span style=\"font-style:italic\"><span style=\"font-size:13.0pt\">\u201cOn bir ay\u0131n sultan\u0131 m\u00fcbarek Ramazan ay\u0131n\u0131n son g\u00fcnlerine yakla\u015fman\u0131n h\u00fczn\u00fcn\u00fc, Kadir Gecemizin rahmeti, g\u00fczelli\u011fi ve bereketine ula\u015fman\u0131n da sevincini y\u00fcrekten ya\u015f\u0131yoruz. Hi\u00e7 \u015f\u00fcphesiz bu m\u00fcbarek gece, kalplerimizin ar\u0131nmas\u0131, g\u00f6n\u00fcl d\u00fcnyalar\u0131m\u0131z\u0131n ayd\u0131nlanmas\u0131, manevi huzurumuzun artmas\u0131 i\u00e7in e\u015fsiz bir imk\u00e2n ve f\u0131rsat sunmaktad\u0131r. Bizlerde, bu m\u00fcbarek gecenin rahmet ve bereketini iyi de\u011ferlendirmeli, y\u00fcce kitab\u0131m\u0131z Kur\u2019an-\u0131 Kerim\u2019in mesajlar\u0131 ile hayat\u0131m\u0131za y\u00f6n vermeli, sayg\u0131n\u0131n ve ho\u015fg\u00f6r\u00fcn\u00fcn hayat\u0131m\u0131zdaki birle\u015ftirici y\u00f6n\u00fcn\u00fc daha fazla \u00f6ne \u00e7\u0131karmal\u0131y\u0131z. Bu duygu ve d\u00fc\u015f\u00fcncelerle; de\u011ferli Nev\u015fehirli hem\u015ferilerim ba\u015fta olmak \u00fczere, aziz milletimizin ve b\u00fct\u00fcn \u0130slam D\u00fcnyas\u0131n\u0131n Kadir Gecesi\u2019ni tebrik ediyor, bu m\u00fcbarek gecenin t\u00fcm insanl\u0131\u011fa mutluluk, sa\u011fl\u0131k ve huzur getirmesini temenni ediyorum.\u201d<\/span><\/span><\/span><\/span><\/span><\/p>\n<p class=\"MsoNoSpacing\">\u00a0<\/p>\n<p>Kaynak: (BYZHA) Beyaz Haber Ajans\u0131<\/p>\n","protected":false},"excerpt":{"rendered":"<p>Nev\u015fehir Belediye Ba\u015fkan\u0131 Rasim Ar\u0131 mesaj yay\u0131nlayarak i\u00e7inde sonsuz g\u00fczellikler bar\u0131nd\u0131ran Kadir Gecesi\u2019nin b\u00fct\u00fcn insanl\u0131\u011fa ve \u0130slam \u00e2lemine sa\u011fl\u0131k, mutluluk ve huzur getirmesini diledi.<\/p>\n","protected":false},"author":1,"featured_media":3999,"comment_status":"open","ping_status":"open","sticky":false,"template":"","format":"standard","meta":{"footnotes":""},"categories":[24],"tags":[],"class_list":["post-3998","post","type-post","status-publish","format-standard","has-post-thumbnail","hentry","category-kultur-sanat"],"_links":{"self":[{"href":"https:\/\/akdenizolay.com.tr\/index.php\/wp-json\/wp\/v2\/posts\/3998","targetHints":{"allow":["GET"]}}],"collection":[{"href":"https:\/\/akdenizolay.com.tr\/index.php\/wp-json\/wp\/v2\/posts"}],"about":[{"href":"https:\/\/akdenizolay.com.tr\/index.php\/wp-json\/wp\/v2\/types\/post"}],"author":[{"embeddable":true,"href":"https:\/\/akdenizolay.com.tr\/index.php\/wp-json\/wp\/v2\/users\/1"}],"replies":[{"embeddable":true,"href":"https:\/\/akdenizolay.com.tr\/index.php\/wp-json\/wp\/v2\/comments?post=3998"}],"version-history":[{"count":1,"href":"https:\/\/akdenizolay.com.tr\/index.php\/wp-json\/wp\/v2\/posts\/3998\/revisions"}],"predecessor-version":[{"id":4000,"href":"https:\/\/akdenizolay.com.tr\/index.php\/wp-json\/wp\/v2\/posts\/3998\/revisions\/4000"}],"wp:featuredmedia":[{"embeddable":true,"href":"https:\/\/akdenizolay.com.tr\/index.php\/wp-json\/wp\/v2\/media\/3999"}],"wp:attachment":[{"href":"https:\/\/akdenizolay.com.tr\/index.php\/wp-json\/wp\/v2\/media?parent=3998"}],"wp:term":[{"taxonomy":"category","embeddable":true,"href":"https:\/\/akdenizolay.com.tr\/index.php\/wp-json\/wp\/v2\/categories?post=3998"},{"taxonomy":"post_tag","embeddable":true,"href":"https:\/\/akdenizolay.com.tr\/index.php\/wp-json\/wp\/v2\/tags?post=3998"}],"curies":[{"name":"wp","href":"https:\/\/api.w.org\/{rel}","templated":true}]}}