{"id":4001,"date":"2026-03-16T10:29:47","date_gmt":"2026-03-16T10:29:47","guid":{"rendered":"https:\/\/akdenizolay.com.tr\/index.php\/2026\/03\/16\/buyuksehirde-kadin-dostu-kentler-toplantisi\/"},"modified":"2026-03-16T10:29:49","modified_gmt":"2026-03-16T10:29:49","slug":"buyuksehirde-kadin-dostu-kentler-toplantisi","status":"publish","type":"post","link":"https:\/\/akdenizolay.com.tr\/index.php\/2026\/03\/16\/buyuksehirde-kadin-dostu-kentler-toplantisi\/","title":{"rendered":"B\u00fcy\u00fck\u015fehir\u2019de \u201cKad\u0131n Dostu Kentler\u201d toplant\u0131s\u0131"},"content":{"rendered":"<p> <span style=\"font-size:12pt\"><span style=\"background:white\"><span style=\",serif\"><span style=\"color:black\">Birle\u015fmi\u015f Milletler N\u00fcfus Fonu (UNFPA) T\u00fcrkiye Ofisi taraf\u0131ndan y\u00fcr\u00fct\u00fclen ve Avrupa Birli\u011fi\u2019nin IPA III mali deste\u011fiyle hayata ge\u00e7irilen Kad\u0131n Dostu Kentler Program\u0131 \u00dc\u00e7\u00fcnc\u00fc Faz\u0131 (KDK III) kapsam\u0131nda Antalya B\u00fcy\u00fck\u015fehir Belediyesi\u2019nde bilgilendirme toplant\u0131s\u0131 d\u00fczenlendi. Birle\u015fmi\u015f Milletler temsilcileri taraf\u0131ndan ger\u00e7ekle\u015ftirilen toplant\u0131da, belediye b\u00fcrokratlar\u0131 ve personeline yerel e\u015fitlik mekanizmalar\u0131na ili\u015fkin bilgi verildi. <\/span><\/span><\/span><\/span><\/p>\n<p><span style=\"font-size:12pt\"><span style=\"background:white\"><span style=\",serif\"><span style=\"color:black\">Antalya B\u00fcy\u00fck\u015fehir Belediyesi, Kad\u0131n Dostu Kentler Program\u0131 kapsam\u0131ndaki \u00e7al\u0131\u015fmalar\u0131n\u0131 s\u00fcrd\u00fcr\u00fcyor. Birle\u015fmi\u015f Milletler N\u00fcfus Fonu (UNFPA) T\u00fcrkiye Ofisi taraf\u0131ndan y\u00fcr\u00fct\u00fclen ve Avrupa Birli\u011fi\u2019nin IPA III mali deste\u011fi ile hayata ge\u00e7irilen Kad\u0131n Dostu Kentler Program\u0131 \u00dc\u00e7\u00fcnc\u00fc Faz\u0131 (KDK III) kapsam\u0131nda, Birle\u015fmi\u015f Milletler temsilcileri taraf\u0131ndan Antalya B\u00fcy\u00fck\u015fehir Belediyesi b\u00fcrokratlar\u0131 ve personellerine y\u00f6nelik bir bilgilendirme toplant\u0131s\u0131 ger\u00e7ekle\u015ftirildi. Toplant\u0131n\u0131n ilk oturumunda, kurulmas\u0131 planlanan Yerel E\u015fitlik Kurulu\u2019nda yer alacak genel sekreter yard\u0131mc\u0131lar\u0131 ve daire ba\u015fkanlar\u0131na mekanizman\u0131n \u00e7er\u00e7evesi ve uygulama s\u00fcre\u00e7leri aktar\u0131ld\u0131. \u0130kinci oturumda ise Yerel E\u015fitlik Masas\u0131 temsilcileri olarak belirlenen personele y\u00f6nelik bilgilendirme yap\u0131ld\u0131. <\/span><\/span><\/span><\/span><\/p>\n<p><span style=\"font-size:12pt\"><span style=\"background:white\"><span style=\",serif\"><span style=\"color:black\">YEREL E\u015e\u0130TL\u0130KTE YEREL Y\u00d6NET\u0130MLER \u00d6NEML\u0130<\/span><\/span><\/span><\/span><\/p>\n<p><span style=\"font-size:12pt\"><span style=\"background:white\"><span style=\",serif\"><span style=\"color:black\">Toplant\u0131da konu\u015fmac\u0131 olarak kat\u0131lan Birle\u015fmi\u015f Milletler N\u00fcfus Fonu Kad\u0131n Dostu Kentler Program\u0131 B\u00f6lge Saha Koordinat\u00f6r\u00fc Sinem M\u0131s\u0131rl\u0131o\u011flu, \u201cKad\u0131n Dostu Kentler Program\u0131\u2019n\u0131n 3\u2019\u00fcnc\u00fc faz\u0131 Birle\u015fmi\u015f Milletler N\u00fcfus Fonu\u2019nun 2006 Y\u0131l\u0131ndan beri y\u00fcr\u00fctt\u00fc\u011f\u00fc bir program. Antalya B\u00fcy\u00fck\u015fehir Belediyesi 2\u2019nci fazda da yer alan belediyelerden biriydi. Program, yerel y\u00f6netimlerde yerel e\u015fitlik mekanizmalar\u0131n\u0131n kurulmas\u0131, yerel e\u015fitlik eylem planlar\u0131n\u0131n hayata ge\u00e7irilmesi, asl\u0131nda kentlerin e\u015fitlik politikalar\u0131n\u0131n, kurumsal bir yap\u0131da olu\u015fturulmas\u0131n\u0131 hedefleyen programlardan bir tanesi\u201d dedi. <\/span><\/span><\/span><\/span><\/p>\n<p><span style=\"font-size:12pt\"><span style=\"background:white\"><span style=\",serif\"><span style=\"color:black\">YOL HAR\u0130TASI \u00c7\u0130Z\u0130LD\u0130<\/span><\/span><\/span><\/span><\/p>\n<p><span style=\"font-size:12pt\"><span style=\"background:white\"><span style=\",serif\"><span style=\"color:black\">Antalya B\u00fcy\u00fck\u015fehir Belediyesi\u2019nde ba\u015far\u0131l\u0131 bir toplant\u0131 ger\u00e7ekle\u015ftirdiklerini s\u00f6yleyen M\u0131s\u0131rl\u0131o\u011flu, \u201cGenel sekreter yard\u0131mc\u0131lar\u0131 ve daire ba\u015fkanlar\u0131yla bir araya geldik. \u00c7\u00fcnk\u00fc bir kentte yerel e\u015fitlik mekanizmalar\u0131n\u0131n ve e\u015fitlik politikalar\u0131n\u0131n hayata ge\u00e7irilmesi ancak belediyelerin, \u00fcst yap\u0131n\u0131n bunu sahiplenmesiyle olur. Buna y\u00f6nelik politika geli\u015ftirmesiyle olur. Antalya\u2019da bunlar\u0131n \u00e7ok daha fazlas\u0131n\u0131n yap\u0131ld\u0131\u011f\u0131n\u0131 s\u00f6ylemek do\u011fru olacakt\u0131r. \u00c7\u00fcnk\u00fc Antalya B\u00fcy\u00fck\u015fehir Belediyesi, e\u015fitlik masalar\u0131n\u0131 kurdu. Bug\u00fcn, yerel e\u015fitlik kurulumuzla, yani burada toplanan genel sekreter yard\u0131mc\u0131lar\u0131 ve daire ba\u015fkanlar\u0131yla olu\u015fturulan kurulun; yap\u0131s\u0131, e\u015fitlik biriminin yap\u0131s\u0131, yerel e\u015fitlik eylem planlar\u0131n\u0131n yap\u0131l\u0131\u015f s\u00fcreci ve bu noktada hep beraber, bir b\u00fct\u00fcn olarak nas\u0131l ilerleyece\u011fimize dair bir yol haritas\u0131 \u00e7izdik\u201d \u015feklinde konu\u015ftu. <\/span><\/span><\/span><\/span><\/p>\n<p><span style=\"font-size:12pt\"><span style=\"background:white\"><span style=\",serif\"><span style=\"color:black\">YEREL E\u015e\u0130TL\u0130K EYLEM PLANINDA YOL HAR\u0130TASI BEL\u0130RLEND\u0130<\/span><\/span><\/span><\/span><\/p>\n<p><span style=\"font-size:12pt\"><span style=\"background:white\"><span style=\",serif\"><span style=\"color:black\">Yerel E\u015fitlik Masas\u0131 temsilcilerinin, ba\u011fl\u0131 bulunduklar\u0131 daire ba\u015fkanl\u0131klar\u0131nda kad\u0131n-erkek e\u015fitli\u011fi perspektifinin, e\u015fitlik\u00e7i uygulamalar\u0131n geli\u015ftirilmesi ve izlenmesi, veri toplama ve raporlama s\u00fcre\u00e7lerinin y\u00fcr\u00fct\u00fclmesi ile Yerel E\u015fitlik Eylem Plan\u0131 \u00e7al\u0131\u015fmalar\u0131na katk\u0131 sunmas\u0131 hedefleniyor.<\/span><\/span><\/span><\/span><\/p>\n<p>\u00a0<\/p>\n<p>Kaynak: (BYZHA) Beyaz Haber Ajans\u0131<\/p>\n","protected":false},"excerpt":{"rendered":"<p>Birle\u015fmi\u015f Milletler N\u00fcfus Fonu (UNFPA) T\u00fcrkiye Ofisi taraf\u0131ndan y\u00fcr\u00fct\u00fclen ve Avrupa Birli\u011fi\u2019nin IPA III mali deste\u011fiyle hayata ge\u00e7irilen Kad\u0131n Dostu Kentler Program\u0131 \u00dc\u00e7\u00fcnc\u00fc Faz\u0131 (KDK III) kapsam\u0131nda Antalya B\u00fcy\u00fck\u015fehir Belediyesi\u2019nde bilgilendirme toplant\u0131s\u0131 d\u00fczenlendi.<\/p>\n","protected":false},"author":1,"featured_media":4002,"comment_status":"open","ping_status":"open","sticky":false,"template":"","format":"standard","meta":{"footnotes":""},"categories":[20],"tags":[],"class_list":["post-4001","post","type-post","status-publish","format-standard","has-post-thumbnail","hentry","category-gundem"],"_links":{"self":[{"href":"https:\/\/akdenizolay.com.tr\/index.php\/wp-json\/wp\/v2\/posts\/4001","targetHints":{"allow":["GET"]}}],"collection":[{"href":"https:\/\/akdenizolay.com.tr\/index.php\/wp-json\/wp\/v2\/posts"}],"about":[{"href":"https:\/\/akdenizolay.com.tr\/index.php\/wp-json\/wp\/v2\/types\/post"}],"author":[{"embeddable":true,"href":"https:\/\/akdenizolay.com.tr\/index.php\/wp-json\/wp\/v2\/users\/1"}],"replies":[{"embeddable":true,"href":"https:\/\/akdenizolay.com.tr\/index.php\/wp-json\/wp\/v2\/comments?post=4001"}],"version-history":[{"count":1,"href":"https:\/\/akdenizolay.com.tr\/index.php\/wp-json\/wp\/v2\/posts\/4001\/revisions"}],"predecessor-version":[{"id":4003,"href":"https:\/\/akdenizolay.com.tr\/index.php\/wp-json\/wp\/v2\/posts\/4001\/revisions\/4003"}],"wp:featuredmedia":[{"embeddable":true,"href":"https:\/\/akdenizolay.com.tr\/index.php\/wp-json\/wp\/v2\/media\/4002"}],"wp:attachment":[{"href":"https:\/\/akdenizolay.com.tr\/index.php\/wp-json\/wp\/v2\/media?parent=4001"}],"wp:term":[{"taxonomy":"category","embeddable":true,"href":"https:\/\/akdenizolay.com.tr\/index.php\/wp-json\/wp\/v2\/categories?post=4001"},{"taxonomy":"post_tag","embeddable":true,"href":"https:\/\/akdenizolay.com.tr\/index.php\/wp-json\/wp\/v2\/tags?post=4001"}],"curies":[{"name":"wp","href":"https:\/\/api.w.org\/{rel}","templated":true}]}}