{"id":4007,"date":"2026-03-16T10:39:18","date_gmt":"2026-03-16T10:39:18","guid":{"rendered":"https:\/\/akdenizolay.com.tr\/index.php\/2026\/03\/16\/karabaglar-da-cop-ev-tamamen-temizlendi\/"},"modified":"2026-03-16T10:39:19","modified_gmt":"2026-03-16T10:39:19","slug":"karabaglar-da-cop-ev-tamamen-temizlendi","status":"publish","type":"post","link":"https:\/\/akdenizolay.com.tr\/index.php\/2026\/03\/16\/karabaglar-da-cop-ev-tamamen-temizlendi\/","title":{"rendered":"Karaba\u011flar\u2019 da \u00c7\u00f6p Ev Tamamen Temizlendi"},"content":{"rendered":"<p> Karaba\u011flar Belediyesi, toplum sa\u011fl\u0131\u011f\u0131n\u0131 tehdit eden ve \u00e7evre kirlili\u011fine yol a\u00e7an unsurlara kar\u015f\u0131 y\u00fcr\u00fctt\u00fc\u011f\u00fc kararl\u0131 m\u00fccadele kapsam\u0131nda G\u00fclyaka Mahallesi\u2019nde bulunan \u00e7\u00f6p evi \u00f6nemli bir \u00e7al\u0131\u015fmaya imza atarak tamamen temizledi.<\/p>\n<p>G\u00fclyaka Mahallesi 2983 Sokak No:16 adresinde bulunan ve 2017 y\u0131l\u0131ndan bu yana hukuki ve fiili nedenlerle 9 y\u0131ld\u0131r giri\u015f izni al\u0131namayan bina, belediye ekiplerinin koordineli \u00e7al\u0131\u015fmas\u0131yla tamamen bo\u015falt\u0131larak temizlendi ve dezenfekte edildi.<\/p>\n<p><b>Toplam 15 kamyon at\u0131k \u00e7\u0131kar\u0131ld\u0131<\/b><\/p>\n<p>\u0130la\u00e7lamalarda dahil toplam bir hafta s\u00fcren titiz \u00e7al\u0131\u015fma ve 4 Mart 2026 tarihinde ba\u015flat\u0131lan tahliye operasyonunda Karaba\u011flar Belediyesi Temizlik \u0130\u015fleri M\u00fcd\u00fcrl\u00fc\u011f\u00fc\u2019ne ba\u011fl\u0131\u00a0<b>23<\/b>\u00a0personel, yo\u011fun bir \u00e7al\u0131\u015fma y\u00fcr\u00fctt\u00fc. \u00c7al\u0131\u015fmalar s\u0131ras\u0131nda evden toplam\u00a0<b>13<\/b>\u00a0b\u00fcy\u00fck damperli kamyon ve\u00a0<b>2<\/b>\u00a0orta boy damperli kamyon dolusu at\u0131k \u00e7\u0131kar\u0131ld\u0131.<\/p>\n<p>Toplanan malzemeler ayr\u0131\u015ft\u0131r\u0131larak geri d\u00f6n\u00fc\u015f\u00fcme uygun olanlar ilgili tesislere g\u00f6nderilirken, di\u011fer at\u0131klar bertaraf edilmek \u00fczere \u00e7\u00f6p merkezlerine sevk edildi.<\/p>\n<p><b>Geni\u015f G\u00fcvenlik ve Lojistik \u00d6nlemler Al\u0131nd\u0131<\/b><\/p>\n<p>Operasyonun g\u00fcvenli ve sa\u011fl\u0131kl\u0131 \u015fekilde y\u00fcr\u00fct\u00fclmesi i\u00e7in belediyenin farkl\u0131 birimleri de \u00e7al\u0131\u015fmaya destek verdi. Zab\u0131ta M\u00fcd\u00fcrl\u00fc\u011f\u00fc\u2019nden 22 personel, polis ekipleri nezaretinde eve giri\u015f sa\u011flayarak \u00e7evre g\u00fcvenli\u011fini olu\u015fturdu. Sokakta ara\u00e7 trafi\u011fi d\u00fczenlenerek \u00e7al\u0131\u015fma alan\u0131n\u0131n rahat \u015fekilde kullan\u0131lmas\u0131na imkan sa\u011fland\u0131.<\/p>\n<p>Ekipler ayr\u0131ca evde bulunan ziynet e\u015fyas\u0131, para ve ki\u015fisel belgeleri titizlikle kontrol ederek tutanak kar\u015f\u0131l\u0131\u011f\u0131nda m\u00fclk sahiplerine teslim etti. Tahliye s\u00fcrecinde 1 kep\u00e7e ve 2 kamyon da lojistik destek amac\u0131yla kullan\u0131ld\u0131.<\/p>\n<p><b>Sa\u011fl\u0131k ve G\u00fcvenlik \u00d6nlemleri \u00dcst D\u00fczeyde Tutuldu<\/b><\/p>\n<p>\u00c7al\u0131\u015fmalar boyunca i\u015f sa\u011fl\u0131\u011f\u0131 ve g\u00fcvenli\u011fi uzmanlar\u0131 ile sa\u011fl\u0131k ekipleri sahada haz\u0131r bulundu. Personelin koruyucu ekipman kullan\u0131m\u0131 ve sa\u011fl\u0131k durumu d\u00fczenli olarak takip edildi.<\/p>\n<p>Tahliye i\u015fleminin tamamlanmas\u0131n\u0131n ard\u0131ndan ev ve \u00e7evresinde kapsaml\u0131 bir temizlik ve sa\u011fl\u0131k \u00e7al\u0131\u015fmas\u0131 ger\u00e7ekle\u015ftirildi. \u0130zmir B\u00fcy\u00fck\u015fehir Belediyesi \u00c7evre Koruma ve Kontrol Daire Ba\u015fkanl\u0131\u011f\u0131 ekipleri taraf\u0131ndan alan tamamen ila\u00e7lan\u0131rken, Karaba\u011flar \u0130l\u00e7e Sa\u011fl\u0131k M\u00fcd\u00fcrl\u00fc\u011f\u00fc ekipleri de mahallede \u00e7evre ve toplum sa\u011fl\u0131\u011f\u0131 a\u00e7\u0131s\u0131ndan incelemelerde bulundu.<\/p>\n<p>Karaba\u011flar Belediyesi yetkilileri, il\u00e7e genelinde halk sa\u011fl\u0131\u011f\u0131n\u0131 tehdit eden benzer durumlara kar\u015f\u0131 gerekli m\u00fcdahalelerin bundan sonra da kararl\u0131l\u0131kla s\u00fcrd\u00fcr\u00fclece\u011fini belirtti.<\/p>\n<p>\u00a0<\/p>\n<p>Kaynak: (BYZHA) Beyaz Haber Ajans\u0131<\/p>\n","protected":false},"excerpt":{"rendered":"<p>Karaba\u011flar Belediyesi, toplum sa\u011fl\u0131\u011f\u0131n\u0131 tehdit eden ve \u00e7evre kirlili\u011fine yol a\u00e7an unsurlara kar\u015f\u0131 y\u00fcr\u00fctt\u00fc\u011f\u00fc kararl\u0131 m\u00fccadele kapsam\u0131nda G\u00fclyaka Mahallesi\u2019nde bulunan \u00e7\u00f6p evi \u00f6nemli bir \u00e7al\u0131\u015fmaya imza atarak tamamen temizledi.<\/p>\n","protected":false},"author":1,"featured_media":4008,"comment_status":"open","ping_status":"open","sticky":false,"template":"","format":"standard","meta":{"footnotes":""},"categories":[20],"tags":[],"class_list":["post-4007","post","type-post","status-publish","format-standard","has-post-thumbnail","hentry","category-gundem"],"_links":{"self":[{"href":"https:\/\/akdenizolay.com.tr\/index.php\/wp-json\/wp\/v2\/posts\/4007","targetHints":{"allow":["GET"]}}],"collection":[{"href":"https:\/\/akdenizolay.com.tr\/index.php\/wp-json\/wp\/v2\/posts"}],"about":[{"href":"https:\/\/akdenizolay.com.tr\/index.php\/wp-json\/wp\/v2\/types\/post"}],"author":[{"embeddable":true,"href":"https:\/\/akdenizolay.com.tr\/index.php\/wp-json\/wp\/v2\/users\/1"}],"replies":[{"embeddable":true,"href":"https:\/\/akdenizolay.com.tr\/index.php\/wp-json\/wp\/v2\/comments?post=4007"}],"version-history":[{"count":1,"href":"https:\/\/akdenizolay.com.tr\/index.php\/wp-json\/wp\/v2\/posts\/4007\/revisions"}],"predecessor-version":[{"id":4009,"href":"https:\/\/akdenizolay.com.tr\/index.php\/wp-json\/wp\/v2\/posts\/4007\/revisions\/4009"}],"wp:featuredmedia":[{"embeddable":true,"href":"https:\/\/akdenizolay.com.tr\/index.php\/wp-json\/wp\/v2\/media\/4008"}],"wp:attachment":[{"href":"https:\/\/akdenizolay.com.tr\/index.php\/wp-json\/wp\/v2\/media?parent=4007"}],"wp:term":[{"taxonomy":"category","embeddable":true,"href":"https:\/\/akdenizolay.com.tr\/index.php\/wp-json\/wp\/v2\/categories?post=4007"},{"taxonomy":"post_tag","embeddable":true,"href":"https:\/\/akdenizolay.com.tr\/index.php\/wp-json\/wp\/v2\/tags?post=4007"}],"curies":[{"name":"wp","href":"https:\/\/api.w.org\/{rel}","templated":true}]}}