{"id":4031,"date":"2026-03-16T10:51:10","date_gmt":"2026-03-16T10:51:10","guid":{"rendered":"https:\/\/akdenizolay.com.tr\/index.php\/2026\/03\/16\/engelsiz-yasamevinde-iftar-bulusmasi\/"},"modified":"2026-03-16T10:51:12","modified_gmt":"2026-03-16T10:51:12","slug":"engelsiz-yasamevinde-iftar-bulusmasi","status":"publish","type":"post","link":"https:\/\/akdenizolay.com.tr\/index.php\/2026\/03\/16\/engelsiz-yasamevinde-iftar-bulusmasi\/","title":{"rendered":"Engelsiz Ya\u015famevi\u2019nde \u0130ftar Bulu\u015fmas\u0131"},"content":{"rendered":"<p> Bak\u0131rk\u00f6y Belediye Ba\u015fkan\u0131 Do\u00e7. Dr. Ay\u015feg\u00fcl Oval\u0131o\u011flu, Ramazan ay\u0131 dolay\u0131s\u0131yla Engelsiz Ya\u015famevi\u2019nde d\u00fczenlenen iftar program\u0131nda engelli bireyler ve aileleriyle bir araya geldi. Oval\u0131o\u011flu, vatanda\u015flarla ayn\u0131 sofray\u0131 payla\u015farak talep ve \u00f6nerileri dinledi.<\/p>\n<p>Bak\u0131rk\u00f6y Belediye Ba\u015fkan\u0131 Do\u00e7. Dr. Ay\u015feg\u00fcl Oval\u0131o\u011flu, Ramazan ay\u0131 kapsam\u0131nda Engelsiz Ya\u015famevi\u2019nde d\u00fczenlenen iftar program\u0131nda engelli bireyler ve aileleriyle bulu\u015ftu. \u0130ftar program\u0131nda vatanda\u015flarla ayn\u0131 sofray\u0131 payla\u015fan Oval\u0131o\u011flu, engelli bireyler ve aileleriyle sohbet ederek onlar\u0131n talep ve \u00f6nerilerini dinledi. Samimi bir ortamda ger\u00e7ekle\u015fen bulu\u015fmada birlik ve dayan\u0131\u015fma mesajlar\u0131 verildi. Programda konu\u015fan Oval\u0131o\u011flu, toplumun her kesimiyle bir araya gelmeye \u00f6nem verdiklerini belirterek, engelli bireylerin ya\u015fam\u0131n\u0131 kolayla\u015ft\u0131racak \u00e7al\u0131\u015fmalar\u0131n s\u00fcrd\u00fcr\u00fclece\u011fini ifade etti.<\/p>\n<p>\u00a0<\/p>\n<p>\u00a0<\/p>\n<p>Kaynak: (BYZHA) Beyaz Haber Ajans\u0131<\/p>\n","protected":false},"excerpt":{"rendered":"<p>Bak\u0131rk\u00f6y Belediye Ba\u015fkan\u0131 Do\u00e7.<\/p>\n","protected":false},"author":1,"featured_media":4032,"comment_status":"open","ping_status":"open","sticky":false,"template":"","format":"standard","meta":{"footnotes":""},"categories":[24],"tags":[],"class_list":["post-4031","post","type-post","status-publish","format-standard","has-post-thumbnail","hentry","category-kultur-sanat"],"_links":{"self":[{"href":"https:\/\/akdenizolay.com.tr\/index.php\/wp-json\/wp\/v2\/posts\/4031","targetHints":{"allow":["GET"]}}],"collection":[{"href":"https:\/\/akdenizolay.com.tr\/index.php\/wp-json\/wp\/v2\/posts"}],"about":[{"href":"https:\/\/akdenizolay.com.tr\/index.php\/wp-json\/wp\/v2\/types\/post"}],"author":[{"embeddable":true,"href":"https:\/\/akdenizolay.com.tr\/index.php\/wp-json\/wp\/v2\/users\/1"}],"replies":[{"embeddable":true,"href":"https:\/\/akdenizolay.com.tr\/index.php\/wp-json\/wp\/v2\/comments?post=4031"}],"version-history":[{"count":1,"href":"https:\/\/akdenizolay.com.tr\/index.php\/wp-json\/wp\/v2\/posts\/4031\/revisions"}],"predecessor-version":[{"id":4033,"href":"https:\/\/akdenizolay.com.tr\/index.php\/wp-json\/wp\/v2\/posts\/4031\/revisions\/4033"}],"wp:featuredmedia":[{"embeddable":true,"href":"https:\/\/akdenizolay.com.tr\/index.php\/wp-json\/wp\/v2\/media\/4032"}],"wp:attachment":[{"href":"https:\/\/akdenizolay.com.tr\/index.php\/wp-json\/wp\/v2\/media?parent=4031"}],"wp:term":[{"taxonomy":"category","embeddable":true,"href":"https:\/\/akdenizolay.com.tr\/index.php\/wp-json\/wp\/v2\/categories?post=4031"},{"taxonomy":"post_tag","embeddable":true,"href":"https:\/\/akdenizolay.com.tr\/index.php\/wp-json\/wp\/v2\/tags?post=4031"}],"curies":[{"name":"wp","href":"https:\/\/api.w.org\/{rel}","templated":true}]}}