{"id":4037,"date":"2026-03-16T11:03:53","date_gmt":"2026-03-16T11:03:53","guid":{"rendered":"https:\/\/akdenizolay.com.tr\/index.php\/2026\/03\/16\/8-yil-sonra-balkanlarda-bayrampasa-ruzgari-esti\/"},"modified":"2026-03-16T11:03:54","modified_gmt":"2026-03-16T11:03:54","slug":"8-yil-sonra-balkanlarda-bayrampasa-ruzgari-esti","status":"publish","type":"post","link":"https:\/\/akdenizolay.com.tr\/index.php\/2026\/03\/16\/8-yil-sonra-balkanlarda-bayrampasa-ruzgari-esti\/","title":{"rendered":"8 y\u0131l sonra Balkanlar\u2019da Bayrampa\u015fa r\u00fczg\u00e2r\u0131 esti"},"content":{"rendered":"\n<p style=\"margin-bottom:11px\"><span style=\"font-size:11pt\"><span style=\"line-height:150%\"><span style=\"font-family:Calibri,sans-serif\"><b><span style=\"font-size:12.0pt\"><span style=\"line-height:150%\"><span style=\",sans-serif\">\u0130stanbul Bayrampa\u015fa Belediyesi, \u201cBalkanlar\u2019da Karde\u015flik Ramazan\u0131\u201d program\u0131 kapsam\u0131nda d\u00fczenledi\u011fi iftar bulu\u015fmalar\u0131n\u0131 Kuzey Makedonya\u2019n\u0131n K\u0131r\u00e7ova ve Gostivar \u015fehirleriyle tamamlad\u0131. Toplam 6 \u015fehirde kurulan iftar sofralar\u0131nda binlerce ki\u015fi a\u011f\u0131rland\u0131. Bayrampa\u015fa Belediye Ba\u015fkan Vekili \u0130brahim Ak\u0131n, \u201c8 y\u0131l sonra yeniden Balkanlar\u2019a gelerek iftar sofralar\u0131 kurduk; buradaki karde\u015flerimizle dostlu\u011fumuzu ve karde\u015fli\u011fimizi peki\u015ftirdik\u201d dedi.<\/span><\/span><\/span><\/b><\/span><\/span><\/span><\/p>\n<p style=\"margin-bottom:11px\"><span style=\"font-size:11pt\"><span style=\"line-height:150%\"><span style=\"font-family:Calibri,sans-serif\"><span style=\"font-size:12.0pt\"><span style=\"line-height:150%\"><span style=\",sans-serif\">Bayrampa\u015fa Belediyesi, 8 y\u0131l aran\u0131n ard\u0131ndan Balkanlar\u2019daki iftar programlar\u0131n\u0131 yeniden ba\u015flatt\u0131. Ramazan ay\u0131n\u0131n manevi atmosferinde ger\u00e7ekle\u015ftirilen bulu\u015fmalar\u0131n bu y\u0131lki son duraklar\u0131 Kuzey Makedonya\u2019n\u0131n K\u0131r\u00e7ova ve Gostivar \u015fehirleri oldu. Programlarda \u00e7ok say\u0131da ki\u015fi ayn\u0131 sofrada bir araya gelerek oru\u00e7lar\u0131n\u0131 a\u00e7arken, T\u00fcrkiye ile Balkanlar aras\u0131ndaki tarihi ve k\u00fclt\u00fcrel ba\u011flara da vurgu yap\u0131ld\u0131.<\/span><\/span><\/span><\/span><\/span><\/span><\/p>\n<p style=\"margin-bottom:11px\"><span style=\"font-size:11pt\"><span style=\"line-height:150%\"><span style=\"font-family:Calibri,sans-serif\"><b><span style=\"font-size:12.0pt\"><span style=\"line-height:150%\"><span style=\",sans-serif\">AKIN: YEN\u0130DEN G\u00d6N\u00dcL K\u00d6PR\u00dcLER\u0130 KURDUK<\/span><\/span><\/span><\/b><\/span><\/span><\/span><\/p>\n<p style=\"margin-bottom:11px\"><span style=\"font-size:11pt\"><span style=\"line-height:150%\"><span style=\"font-family:Calibri,sans-serif\"><span style=\"font-size:12.0pt\"><span style=\"line-height:150%\"><span style=\",sans-serif\">Programlara \u00f6nc\u00fcl\u00fck eden Bayrampa\u015fa Belediye Ba\u015fkan Vekili \u0130brahim Ak\u0131n, Ramazan ay\u0131n\u0131n payla\u015fma ve dayan\u0131\u015fma ruhunu Balkanlar\u2019daki vatanda\u015flarla birlikte ya\u015fad\u0131klar\u0131n\u0131 s\u00f6yledi.<\/span><\/span><\/span><\/span><\/span><\/span><\/p>\n<p style=\"margin-bottom:11px\"><span style=\"font-size:11pt\"><span style=\"line-height:150%\"><span style=\"font-family:Calibri,sans-serif\"><span style=\"font-size:12.0pt\"><span style=\"line-height:150%\"><span style=\",sans-serif\">Ak\u0131n, 8 y\u0131l sonra yeniden Balkanlar\u2019da iftar sofralar\u0131 kurduklar\u0131n\u0131 belirterek, \u201cBalkanlar bizim i\u00e7in sadece bir co\u011frafya de\u011fil, ayn\u0131 zamanda g\u00fc\u00e7l\u00fc g\u00f6n\u00fcl ba\u011flar\u0131m\u0131z\u0131n oldu\u011fu bir karde\u015flik diyar\u0131d\u0131r. 8 y\u0131l sonra yeniden Balkanlar\u2019a gelerek karde\u015flerimizle ayn\u0131 sofray\u0131 payla\u015fman\u0131n mutlulu\u011funu ya\u015f\u0131yoruz. Binlerce karde\u015fimizle iftar sofralar\u0131nda bulu\u015ftuk, dostlu\u011fumuzu ve karde\u015fli\u011fimizi peki\u015ftirdik. Bayrampa\u015fa ile Balkanlar aras\u0131nda yeniden g\u00f6n\u00fcl k\u00f6pr\u00fcleri kurduk. Ramazan\u2019\u0131n birlik, beraberlik ve payla\u015fma ruhunu burada hep birlikte ya\u015famak bizim i\u00e7in b\u00fcy\u00fck bir anlam ta\u015f\u0131yor. Bu ba\u011flar\u0131 daha da g\u00fc\u00e7lendirmek i\u00e7in \u00e7al\u0131\u015fmalar\u0131m\u0131z\u0131 s\u00fcrd\u00fcrece\u011fiz\u201d ifadelerini kulland\u0131.<\/span><\/span><\/span><\/span><\/span><\/span><\/p>\n<p style=\"margin-bottom:11px\">\u00a0<\/p>\n<p style=\"margin-bottom:11px\"><span style=\"font-size:11pt\"><span style=\"line-height:150%\"><span style=\"font-family:Calibri,sans-serif\"><b><span style=\"font-size:12.0pt\"><span style=\"line-height:150%\"><span style=\",sans-serif\">KIR\u00c7OVA VE GOST\u0130VAR\u2019DA YO\u011eUN KATILIM<\/span><\/span><\/span><\/b><\/span><\/span><\/span><\/p>\n<p style=\"margin-bottom:11px\"><span style=\"font-size:11pt\"><span style=\"line-height:150%\"><span style=\"font-family:Calibri,sans-serif\"><span style=\"font-size:12.0pt\"><span style=\"line-height:150%\"><span style=\",sans-serif\">K\u0131r\u00e7ova\u2019da d\u00fczenlenen iftar program\u0131na \u0130brahim Ak\u0131n\u2019\u0131n yan\u0131 s\u0131ra Kuzey Makedonya Sosyal Politika, Demografi ve Gen\u00e7lik Bakan\u0131 Fatmir Limani, Milletvekili \u0130smail Jahoski, Plasnica Belediye Ba\u015fkan\u0131 Alija Jahoski, K\u0131r\u00e7ova Belediye Ba\u015fkan\u0131 Aleksandar Jovanovski, K\u0131r\u00e7ova Belediyesi Meclis Ba\u015fkan\u0131 Ayhan Sulko, K\u0131r\u00e7ova Emniyet M\u00fcd\u00fcr\u00fc Dritan Selimi, K\u0131r\u00e7ova M\u00fcft\u00fcs\u00fc Kamil Ru\u015fiti ve K\u0131r\u00e7ova Bayrampa\u015fa Dernek Ba\u015fkan\u0131 Erkan Aras kat\u0131ld\u0131.<\/span><\/span><\/span><\/span><\/span><\/span><\/p>\n<p style=\"margin-bottom:11px\"><span style=\"font-size:11pt\"><span style=\"line-height:150%\"><span style=\"font-family:Calibri,sans-serif\"><span style=\"font-size:12.0pt\"><span style=\"line-height:150%\"><span style=\",sans-serif\">Gostivar\u2019da d\u00fczenlenen iftar program\u0131nda ise Belediye Ba\u015fkan Vekili Ak\u0131n ile birlikte T\u00fcrkiye\u2019nin \u00dcsk\u00fcp B\u00fcy\u00fckel\u00e7isi Fatih Ulusoy, AK Parti \u0130stanbul Milletvekili B\u00fc\u015fra Paker, Kuzey Makedonya T\u00fcrk Demokratik Partisi Genel Ba\u015fkan\u0131 Z\u00fclfikar Zeynula ve Kuzey Makedonya milletvekilleri yer ald\u0131. Programlara ayr\u0131ca Bayrampa\u015fa Belediye Ba\u015fkan Yard\u0131mc\u0131lar\u0131 Muammer K\u00fct\u00fck ile Sak\u0131 Teker ve belediye y\u00f6neticileri de kat\u0131ld\u0131.<\/span><\/span><\/span><\/span><\/span><\/span><\/p>\n<p style=\"margin-bottom:11px\"><span style=\"font-size:11pt\"><span style=\"line-height:150%\"><span style=\"font-family:Calibri,sans-serif\"><b><span style=\"font-size:12.0pt\"><span style=\"line-height:150%\"><span style=\",sans-serif\">B\u0130NLERCE K\u0130\u015e\u0130YE ULA\u015eTI<\/span><\/span><\/span><\/b><\/span><\/span><\/span><\/p>\n<p style=\"margin-bottom:11px\"><span style=\"font-size:11pt\"><span style=\"line-height:150%\"><span style=\"font-family:Calibri,sans-serif\"><span style=\"font-size:12.0pt\"><span style=\"line-height:150%\"><span style=\",sans-serif\">Karada\u011f\u2019\u0131n Rozaje, S\u0131rbistan\u2019\u0131n Tutin ve Novi Pazar, Bosna-Hersek\u2019in Saraybosna ile Kuzey Makedonya\u2019n\u0131n K\u0131r\u00e7ova ve Gostivar kentlerinde d\u00fczenlenen iftar programlar\u0131n\u0131 ba\u015far\u0131yla tamamlayan Bayrampa\u015fa Belediyesi, Balkanlar\u2019da binlerce ki\u015fiye ula\u015ft\u0131. Toplam 6 \u015fehirde kurulan iftar sofralar\u0131yla T\u00fcrkiye ile Balkanlar aras\u0131ndaki dostluk, karde\u015flik ve k\u00fclt\u00fcrel ba\u011flar\u0131n g\u00fc\u00e7lendirilmesine katk\u0131 sa\u011fland\u0131.<\/span><\/span><\/span><\/span><\/span><\/span><\/p>\n<p style=\"margin-bottom:11px\">\u00a0<\/p>\n<p style=\"margin-bottom:11px\">\u00a0<\/p>\n<p>Kaynak: (BYZHA) Beyaz Haber Ajans\u0131<\/p>\n","protected":false},"excerpt":{"rendered":"<p>\u0130stanbul Bayrampa\u015fa Belediyesi, \u201cBalkanlar\u2019da Karde\u015flik Ramazan\u0131\u201d program\u0131 kapsam\u0131nda d\u00fczenledi\u011fi iftar bulu\u015fmalar\u0131n\u0131 Kuzey Makedonya\u2019n\u0131n K\u0131r\u00e7ova ve Gostivar \u015fehirleriyle tamamlad\u0131.<\/p>\n","protected":false},"author":1,"featured_media":4038,"comment_status":"open","ping_status":"open","sticky":false,"template":"","format":"standard","meta":{"footnotes":""},"categories":[24],"tags":[],"class_list":["post-4037","post","type-post","status-publish","format-standard","has-post-thumbnail","hentry","category-kultur-sanat"],"_links":{"self":[{"href":"https:\/\/akdenizolay.com.tr\/index.php\/wp-json\/wp\/v2\/posts\/4037","targetHints":{"allow":["GET"]}}],"collection":[{"href":"https:\/\/akdenizolay.com.tr\/index.php\/wp-json\/wp\/v2\/posts"}],"about":[{"href":"https:\/\/akdenizolay.com.tr\/index.php\/wp-json\/wp\/v2\/types\/post"}],"author":[{"embeddable":true,"href":"https:\/\/akdenizolay.com.tr\/index.php\/wp-json\/wp\/v2\/users\/1"}],"replies":[{"embeddable":true,"href":"https:\/\/akdenizolay.com.tr\/index.php\/wp-json\/wp\/v2\/comments?post=4037"}],"version-history":[{"count":1,"href":"https:\/\/akdenizolay.com.tr\/index.php\/wp-json\/wp\/v2\/posts\/4037\/revisions"}],"predecessor-version":[{"id":4039,"href":"https:\/\/akdenizolay.com.tr\/index.php\/wp-json\/wp\/v2\/posts\/4037\/revisions\/4039"}],"wp:featuredmedia":[{"embeddable":true,"href":"https:\/\/akdenizolay.com.tr\/index.php\/wp-json\/wp\/v2\/media\/4038"}],"wp:attachment":[{"href":"https:\/\/akdenizolay.com.tr\/index.php\/wp-json\/wp\/v2\/media?parent=4037"}],"wp:term":[{"taxonomy":"category","embeddable":true,"href":"https:\/\/akdenizolay.com.tr\/index.php\/wp-json\/wp\/v2\/categories?post=4037"},{"taxonomy":"post_tag","embeddable":true,"href":"https:\/\/akdenizolay.com.tr\/index.php\/wp-json\/wp\/v2\/tags?post=4037"}],"curies":[{"name":"wp","href":"https:\/\/api.w.org\/{rel}","templated":true}]}}