{"id":4040,"date":"2026-03-16T11:03:55","date_gmt":"2026-03-16T11:03:55","guid":{"rendered":"https:\/\/akdenizolay.com.tr\/index.php\/2026\/03\/16\/gencler-hibrit-kariyer-zirvesi-icin-konakta-bir-araya-geldi\/"},"modified":"2026-03-16T11:03:56","modified_gmt":"2026-03-16T11:03:56","slug":"gencler-hibrit-kariyer-zirvesi-icin-konakta-bir-araya-geldi","status":"publish","type":"post","link":"https:\/\/akdenizolay.com.tr\/index.php\/2026\/03\/16\/gencler-hibrit-kariyer-zirvesi-icin-konakta-bir-araya-geldi\/","title":{"rendered":"Gen\u00e7ler \u2018Hibrit Kariyer Zirvesi\u2019 i\u00e7in Konak\u2019ta bir araya geldi"},"content":{"rendered":"<p> <b>Konak Belediyesi, Gen\u00e7 Konak (GEKO) ve 1923 Vakf\u0131 i\u015f birli\u011fiyle ger\u00e7ekle\u015ftirilen \u2018Hibrit Kariyer Zirvesi\u2019nde konu\u015fan Ba\u015fkan Mutlu, \u201cBelediye olarak yapay zekay\u0131 aktif kullan\u0131yoruz. \u00c7a\u011f\u0131 yakalayan, bunu Konakl\u0131lar\u0131n daha konforlu, huzurlu ve aktif ya\u015famas\u0131 i\u00e7in d\u00f6n\u00fc\u015ft\u00fcrebilen bir belediye olma yolunda \u00e7al\u0131\u015f\u0131yoruz. Konak\u2019a daha nitelikli hizmet sunmak i\u00e7in teknolojiden g\u00fc\u00e7 al\u0131yoruz\u201d dedi.<\/b><\/p>\n<p>Konak Belediyesi\u2019nin GEKO ve 1923 Vakf\u0131 i\u015f birli\u011fiyle T\u00fcrkan Saylan K\u00fclt\u00fcr Merkezi\u2019nde d\u00fczenledi\u011fi Hibrit Kariyer Zirvesi, \u00e7ok say\u0131da gencin kat\u0131l\u0131m\u0131yla ger\u00e7ekle\u015ftirildi. Konak Belediye Ba\u015fkan\u0131 Nil\u00fcfer \u00c7\u0131narl\u0131 Mutlu\u2019nun da gen\u00e7leri yaln\u0131z b\u0131rakmad\u0131\u011f\u0131 zirvenin ilk g\u00fcn\u00fcnde \u00e7a\u011f\u0131n gereklilikleri ve dijital d\u00f6n\u00fc\u015f\u00fcm odak noktas\u0131 oldu. Prof. Dr. Ferit Acar Savac\u0131\u2019n\u0131n \u201cYapay Zeka ile \u0130\u015fbirli\u011fi\u201d konulu sunumuyla ba\u015flayan oturumlar; Av. \u00c7a\u011fatay Akar\u2019\u0131n \u201cKi\u015fisel Marka Y\u00f6netimi ve Dijital Ayak \u0130zi\u201d, CHP Cumhurba\u015fkanl\u0131\u011f\u0131 Aday Ofisi Sanayi ve Teknoloji Politika Kurulu \u00dcyesi Anda\u00e7 Pamuk\u2019un \u201cVeri Okuryazarl\u0131\u011f\u0131 ve Analitik D\u00fc\u015f\u00fcnme\u201d ve Prof. Dr. Ethem Duygulu\u2019nun \u201cGiri\u015fimlerin S\u00fcrd\u00fcr\u00fclebilirli\u011fi ve D\u00f6ng\u00fcsel Ekonomi\u201d ba\u015fl\u0131kl\u0131 konu\u015fmalar\u0131yla derinlik kazand\u0131. Etkinli\u011fin ikinci g\u00fcn\u00fcnde ise ki\u015fisel geli\u015fim ve profesyonel yetkinlikler \u00f6ne \u00e7\u0131kt\u0131. Kat\u0131l\u0131mc\u0131lar; \u0130lker Beyhan ile \u201cEle\u015ftirel D\u00fc\u015f\u00fcnme ve Kompleks Problem \u00c7\u00f6zme\u201d, Mesut \u015eim\u015fek ile \u201cEtkili \u0130leti\u015fim\u201d, Ali Sinan Av\u015far ve G\u00fcls\u00fcm Kaya ile \u201c\u00d6\u011frenmeyi \u00d6\u011frenmek ve G\u00f6n\u00fcll\u00fcl\u00fck\u201d konular\u0131nda interaktif oturumlar ger\u00e7ekle\u015ftirdi. Program, Do\u00e7. Dr. Cemile \u00c7etin\u2019in \u201cKariyer Tasar\u0131m\u0131\u201d ba\u015fl\u0131kl\u0131 ufuk a\u00e7\u0131c\u0131 sunumuyla noktaland\u0131.<\/p>\n<p><b>Mutlu: Belediye olarak yapay zekay\u0131 aktif kullan\u0131yoruz<\/b><\/p>\n<p>\u201cYapay Zeka Rakibin De\u011fil, Yard\u0131mc\u0131 Pilotun\u201d mottosuyla ger\u00e7ekle\u015ftirilen Hibrit Kariyer Zirvesi\u2019nin a\u00e7\u0131l\u0131\u015f konu\u015fmas\u0131n\u0131 yapan Ba\u015fkan Mutlu, Konak Belediyesi olarak yapay zekay\u0131 aktif kulland\u0131klar\u0131n\u0131 ve teknolojiyi Konak\u2019a daha iyi hizmet i\u00e7in d\u00f6n\u00fc\u015ft\u00fcrmeye gayret ettiklerini ifade etti. Ba\u015fkan Mutlu, konu\u015fmas\u0131nda \u015fu s\u00f6zlere yer verdi: \u201cYapay zeka her yerde. Biz de belediye olarak yapay zekay\u0131 aktif kullan\u0131yoruz. Neredeyse b\u00fct\u00fcn m\u00fcd\u00fcrl\u00fcklerimiz profesyonel yapay zeka sistemlerine ge\u00e7ti. Bu, hayat\u0131n bir ger\u00e7e\u011fi. O y\u00fczden bug\u00fcn d\u00fczenledi\u011fimiz etkinlik bizim i\u00e7in de \u00e7ok \u00f6nemli.\u201d<\/p>\n<p><b>Gen\u00e7lere \u201cFerdi Zeyrek Gen\u00e7lik Merkezi\u201d m\u00fcjdesi<\/b><\/p>\n<p>Konak\u2019a ay sonunda ikinci bir gen\u00e7lik merkezi kazand\u0131racaklar\u0131n\u0131n m\u00fcjdesini veren Ba\u015fkan Mutlu, \u201cAy sonunda yeni gen\u00e7lik merkezimizin a\u00e7\u0131l\u0131\u015f\u0131n\u0131 ger\u00e7ekle\u015ftirece\u011fiz. \u0130ki katl\u0131, i\u00e7inde espor da yap\u0131labilecek \u00e7al\u0131\u015fma odalar\u0131 olan bir merkez; ad\u0131 da Ferdi Zeyrek Gen\u00e7lik Merkezi olacak. Biz gen\u00e7lerden gelecek her t\u00fcrl\u00fc \u00f6neriye a\u00e7\u0131\u011f\u0131z. Nas\u0131l mekanlara ihtiyac\u0131n\u0131z var, nas\u0131l \u00e7al\u0131\u015fma ortamlar\u0131na ihtiyac\u0131n\u0131z var; yerel y\u00f6netimlerin, sizlerin talepleriyle bunlara y\u00f6nelik \u00e7al\u0131\u015fma \u00fcretmesini ve mekanlar\u0131 bi\u00e7imlendirmesini daha k\u0131ymetli buluyorum\u201d diye konu\u015ftu.<\/p>\n<p><b>Pamuk: Ben merkezdeyim, yapay zeka yan\u0131mda<\/b><\/p>\n<p>Zirvenin dikkat \u00e7eken sunumlar\u0131ndan biri de CHP Cumhurba\u015fkanl\u0131\u011f\u0131 Aday Ofisi Sanayi ve Teknoloji Politika Kurulu \u00dcyesi Anda\u00e7 Pamuk\u2019un \u201cVeri Okuryazarl\u0131\u011f\u0131 ve Analitik D\u00fc\u015f\u00fcnme\u201d ba\u015fl\u0131kl\u0131 konu\u015fmas\u0131 oldu. Gen\u00e7lerin ilgiyle dinledi\u011fi ve sorular\u0131n\u0131 y\u00f6neltti\u011fi sunumda Pamuk, bilgisayar ve yapay zekan\u0131n geli\u015fimi ile veri kullan\u0131m\u0131n\u0131n \u00f6nemine de\u011findi. \u201cBen merkezdeyim, yapay zeka yan\u0131mda\u201d vurgusu yapan Pamuk, \u201cVeri olmadan yapay zeka \u00e7al\u0131\u015fmaz. Anlaml\u0131 veriler sayesinde yapay zeka desen g\u00f6r\u00fcr, \u00f6nerir ve stratejik anlam \u00e7\u0131karmam\u0131z\u0131 sa\u011flar. Yapay zekaya bir desen verdi\u011finizde, anomali dedi\u011fimiz o desenin ayk\u0131r\u0131s\u0131n\u0131 tespit etmede insandan katbekat daha ba\u015far\u0131l\u0131 sonu\u00e7lar veriyor. Do\u011frulu\u011fu y\u00fczde y\u00fcze yak\u0131n\u201d ifadelerini kulland\u0131.<\/p>\n<p>\u00a0<\/p>\n<p>\u00a0<\/p>\n<p>Kaynak: (BYZHA) Beyaz Haber Ajans\u0131<\/p>\n","protected":false},"excerpt":{"rendered":"<p>Konak Belediyesi, Gen\u00e7 Konak (GEKO) ve 1923 Vakf\u0131 i\u015f birli\u011fiyle ger\u00e7ekle\u015ftirilen \u2018Hibrit Kariyer Zirvesi\u2019nde konu\u015fan Ba\u015fkan Mutlu, \u201cBelediye olarak yapay zekay\u0131 aktif kullan\u0131yoruz.<\/p>\n","protected":false},"author":1,"featured_media":4041,"comment_status":"open","ping_status":"open","sticky":false,"template":"","format":"standard","meta":{"footnotes":""},"categories":[24],"tags":[],"class_list":["post-4040","post","type-post","status-publish","format-standard","has-post-thumbnail","hentry","category-kultur-sanat"],"_links":{"self":[{"href":"https:\/\/akdenizolay.com.tr\/index.php\/wp-json\/wp\/v2\/posts\/4040","targetHints":{"allow":["GET"]}}],"collection":[{"href":"https:\/\/akdenizolay.com.tr\/index.php\/wp-json\/wp\/v2\/posts"}],"about":[{"href":"https:\/\/akdenizolay.com.tr\/index.php\/wp-json\/wp\/v2\/types\/post"}],"author":[{"embeddable":true,"href":"https:\/\/akdenizolay.com.tr\/index.php\/wp-json\/wp\/v2\/users\/1"}],"replies":[{"embeddable":true,"href":"https:\/\/akdenizolay.com.tr\/index.php\/wp-json\/wp\/v2\/comments?post=4040"}],"version-history":[{"count":1,"href":"https:\/\/akdenizolay.com.tr\/index.php\/wp-json\/wp\/v2\/posts\/4040\/revisions"}],"predecessor-version":[{"id":4042,"href":"https:\/\/akdenizolay.com.tr\/index.php\/wp-json\/wp\/v2\/posts\/4040\/revisions\/4042"}],"wp:featuredmedia":[{"embeddable":true,"href":"https:\/\/akdenizolay.com.tr\/index.php\/wp-json\/wp\/v2\/media\/4041"}],"wp:attachment":[{"href":"https:\/\/akdenizolay.com.tr\/index.php\/wp-json\/wp\/v2\/media?parent=4040"}],"wp:term":[{"taxonomy":"category","embeddable":true,"href":"https:\/\/akdenizolay.com.tr\/index.php\/wp-json\/wp\/v2\/categories?post=4040"},{"taxonomy":"post_tag","embeddable":true,"href":"https:\/\/akdenizolay.com.tr\/index.php\/wp-json\/wp\/v2\/tags?post=4040"}],"curies":[{"name":"wp","href":"https:\/\/api.w.org\/{rel}","templated":true}]}}