{"id":4049,"date":"2026-03-16T11:08:26","date_gmt":"2026-03-16T11:08:26","guid":{"rendered":"https:\/\/akdenizolay.com.tr\/index.php\/2026\/03\/16\/canakkale-destani-sanat-ve-tasarimla-gelecek-nesillere-aktariliyor\/"},"modified":"2026-03-16T11:08:27","modified_gmt":"2026-03-16T11:08:27","slug":"canakkale-destani-sanat-ve-tasarimla-gelecek-nesillere-aktariliyor","status":"publish","type":"post","link":"https:\/\/akdenizolay.com.tr\/index.php\/2026\/03\/16\/canakkale-destani-sanat-ve-tasarimla-gelecek-nesillere-aktariliyor\/","title":{"rendered":"\u00c7anakkale Destan\u0131 Sanat ve Tasar\u0131mla Gelecek Nesillere Aktar\u0131l\u0131yor"},"content":{"rendered":"\n<p style=\"margin-top:8px;margin-bottom:16px;text-align:justify;text-indent:35.4pt\"><span style=\"font-size:11pt\"><span style=\"line-height:150%\"><span style=\"font-family:Aptos,sans-serif\"><b><span style=\",serif\">Konya Ticaret Odas\u0131 (KTO) Karatay \u00dcniversitesi \u0130ktisadi, \u0130dari ve Sosyal Bilimler Fak\u00fcltesi \u0130leti\u015fim ve Tasar\u0131m\u0131 B\u00f6l\u00fcm\u00fc taraf\u0131ndan \u201c18 Mart \u00c7anakkale Zaferi ve \u015eehitleri Anma G\u00fcn\u00fc\u201d temal\u0131 sergi d\u00fczenlendi. Merkez Kamp\u00fcste a\u00e7\u0131lan sergide, \u00f6\u011frencilerin haz\u0131rlad\u0131\u011f\u0131 ve \u00c7anakkale ruhunu, fedak\u00e2rl\u0131k, vatan sevgisi kavramlar\u0131n\u0131 anlatan tasar\u0131mlar ile g\u00f6rsel \u00e7al\u0131\u015fmalar ziyaret\u00e7ilerin be\u011fenisine sunuldu.<\/span><\/b><\/span><\/span><\/span><\/p>\n<p style=\"margin-top:8px;margin-bottom:16px;text-align:justify;text-indent:35.4pt\"><span style=\"font-size:11pt\"><span style=\"line-height:150%\"><span style=\"font-family:Aptos,sans-serif\"><span style=\",serif\">KTO Karatay \u00dcniversitesi \u0130ktisadi, \u0130dari ve Sosyal Bilimler Fak\u00fcltesi \u0130leti\u015fim ve Tasar\u0131m\u0131 B\u00f6l\u00fcm\u00fc taraf\u0131ndan \u00c7anakkale\u2019de verilen destans\u0131 m\u00fccadelenin tarihsel ve toplumsal \u00f6nemine dikkat \u00e7ekmek amac\u0131yla \u201c18 Mart \u00c7anakkale Zaferi ve \u015eehitleri Anma G\u00fcn\u00fc\u201d temal\u0131 sergi d\u00fczenlendi. Serginin a\u00e7\u0131l\u0131\u015f t\u00f6renine KTO Karatay \u00dcniversitesi Rekt\u00f6r\u00fc Prof. Dr. Fevzi Rifat Orta\u00e7, \u0130ktisadi, \u0130dari ve Sosyal Bilimler Fak\u00fcltesi Dekan\u0131 Prof. Dr. Abdullah Topcuo\u011flu, \u0130leti\u015fim ve Tasar\u0131m\u0131 B\u00f6l\u00fcm Ba\u015fkan\u0131 Do\u00e7. Dr. Birol B\u00fcy\u00fckdo\u011fan, Do\u00e7. Dr. Huri Deniz Karc\u0131, Do\u00e7. Dr. Eda Sezerer Albayrak ile Dr. \u00d6\u011fr. \u00dcyesi Abdurrahman Cihad Kayaduman\u2019\u0131n yan\u0131 s\u0131ra akademisyenler ve \u00f6\u011frenciler kat\u0131ld\u0131.<\/span><\/span><\/span><\/span><\/p>\n<p style=\"margin-top:8px;margin-bottom:16px;text-align:justify;text-indent:35.4pt\"><span style=\"font-size:11pt\"><span style=\"line-height:150%\"><span style=\"font-family:Aptos,sans-serif\"><b><span style=\",serif\">\u201cT\u00fcm G\u00fcc\u00fcm\u00fcz\u00fc Vatan\u0131m\u0131zdan Al\u0131yoruz\u201d<\/span><\/b><\/span><\/span><\/span><\/p>\n<p style=\"margin-top:8px;margin-bottom:16px;text-align:justify;text-indent:35.4pt\"><span style=\"font-size:11pt\"><span style=\"line-height:150%\"><span style=\"font-family:Aptos,sans-serif\"><span style=\",serif\">A\u00e7\u0131l\u0131\u015f t\u00f6reninde konu\u015fan KTO Karatay \u00dcniversitesi Rekt\u00f6r\u00fc Prof. Dr. Fevzi Rifat Orta\u00e7; \u201c\u0130leti\u015fim ve Tasar\u0131m\u0131 B\u00f6l\u00fcm\u00fcm\u00fcz\u00fcn 18 Mart \u00c7anakkale Zaferi\u2019ne \u00f6zel haz\u0131rlad\u0131\u011f\u0131 sergiyi b\u00fcy\u00fck bir gururla a\u00e7\u0131yoruz. Vatan, sadece bir kara par\u00e7as\u0131ndan ibaret de\u011fildir. T\u00fcm g\u00fcc\u00fcm\u00fcz\u00fc, \u015fehit kan\u0131yla sulanan, ecdad\u0131m\u0131z\u0131n can\u0131n\u0131 feda etti\u011fi vatan\u0131m\u0131zdan al\u0131yoruz. 30 A\u011fustos ve 18 Mart gibi \u00f6nemli g\u00fcnlerimizi b\u00fcy\u00fck bir co\u015fkuyla an\u0131yoruz. \u00d6\u011frencilerimizin de bu anlay\u0131\u015f\u0131 devam ettirdi\u011fini g\u00f6rmek bizim i\u00e7in b\u00fcy\u00fck bir gurur kayna\u011f\u0131d\u0131r. \u00c7anakkale Zaferi\u2019nde ve \u00fclkemizin kurulu\u015funda can\u0131n\u0131 feda eden ba\u015fta Gazi Mustafa Kemal Atat\u00fcrk ve aziz \u015fehitlerimizi rahmetle, gazilerimizi minnetle an\u0131yor, sergimizin hay\u0131rlara vesile olmas\u0131n\u0131 temenni ediyorum\u201d dedi.<\/span><\/span><\/span><\/span><\/p>\n<p style=\"margin-top:8px;margin-bottom:16px;text-align:justify;text-indent:35.4pt\"><span style=\"font-size:11pt\"><span style=\"line-height:150%\"><span style=\"font-family:Aptos,sans-serif\"><b><span style=\",serif\">\u201c18 Mart \u00c7anakkale Zaferini Tasar\u0131m Yolu ile Anlat\u0131yoruz\u201d<\/span><\/b><\/span><\/span><\/span><\/p>\n<p style=\"margin-top:8px;margin-bottom:16px;text-align:justify;text-indent:35.4pt\"><span style=\"font-size:11pt\"><span style=\"line-height:150%\"><span style=\"font-family:Aptos,sans-serif\"><span style=\",serif\">\u0130leti\u015fim ve Tasar\u0131m\u0131 B\u00f6l\u00fcm\u00fc akademisyenlerinden Dr. \u00d6\u011fr. \u00dcyesi Abdurrahman Cihad Kayaduman; \u201c\u00c7anakkale Zaferi, tarihimizde emperyalist sald\u0131rganl\u0131\u011f\u0131n en b\u00fcy\u00fck harek\u00e2tlar\u0131ndan birisi ve buna kar\u015f\u0131 milletimizin verdi\u011fi varolu\u015fsal yan\u0131t, karakterini de ortaya koyuyor. Biz de \u00c7anakkale Zaferi ile ilgili \u00f6\u011frencilerimizle birlikte bir sergi haz\u0131rlad\u0131k. Bir \u015feyi \u00f6\u011frenmenin en iyi yolu, onu anlatmaya \u00e7al\u0131\u015fmakt\u0131r. \u00d6\u011frencilerimiz de bu zaferi tasar\u0131m yoluyla anlatmaya \u00e7al\u0131\u015ft\u0131lar. Tasar\u0131m sadece estetik bir u\u011fra\u015f de\u011fil, tarihle ve toplumla kurulmu\u015f bir ba\u011f, bir diyalogdur. Emekleri i\u00e7in \u00f6\u011frencilerime te\u015fekk\u00fcr ediyorum\u201d \u015feklinde konu\u015ftu.<\/span><\/span><\/span><\/span><\/p>\n<p style=\"margin-top:8px;margin-bottom:16px;text-align:justify;text-indent:35.4pt\"><span style=\"font-size:11pt\"><span style=\"line-height:150%\"><span style=\"font-family:Aptos,sans-serif\"><span style=\",serif\">A\u00e7\u0131l\u0131\u015f konu\u015fmalar\u0131n\u0131n ard\u0131ndan kurdele kesimi ve toplu foto\u011fraf \u00e7ekimiyle kap\u0131lar\u0131n\u0131 a\u00e7an sergide, \u00f6\u011frencilerin haz\u0131rlad\u0131\u011f\u0131 ve \u00c7anakkale ruhunu, fedak\u00e2rl\u0131k, vatan sevgisi kavramlar\u0131n\u0131 anlatan tasar\u0131mlar yer al\u0131yor. Sergi, KTO Karatay \u00dcniversitesi C Blok Fuaye Alan\u0131\u2019nda 18 Mart 2026 tarihine kadar ziyaret edilebilir.<\/span><\/span><\/span><\/span><\/p>\n<p style=\"margin-top:8px;margin-bottom:16px;text-align:justify;text-indent:35.4pt\">\u00a0<\/p>\n<p style=\"margin-top:8px;margin-bottom:16px;text-align:justify;text-indent:35.4pt\">\u00a0<\/p>\n<p>Kaynak: (BYZHA) Beyaz Haber Ajans\u0131<\/p>\n","protected":false},"excerpt":{"rendered":"<p>Konya Ticaret Odas\u0131 (KTO) Karatay \u00dcniversitesi \u0130ktisadi, \u0130dari ve Sosyal Bilimler Fak\u00fcltesi \u0130leti\u015fim ve Tasar\u0131m\u0131 B\u00f6l\u00fcm\u00fc taraf\u0131ndan \u201c18 Mart \u00c7anakkale Zaferi ve \u015eehitleri Anma G\u00fcn\u00fc\u201d temal\u0131 sergi d\u00fczenlendi.<\/p>\n","protected":false},"author":1,"featured_media":4050,"comment_status":"open","ping_status":"open","sticky":false,"template":"","format":"standard","meta":{"footnotes":""},"categories":[24],"tags":[],"class_list":["post-4049","post","type-post","status-publish","format-standard","has-post-thumbnail","hentry","category-kultur-sanat"],"_links":{"self":[{"href":"https:\/\/akdenizolay.com.tr\/index.php\/wp-json\/wp\/v2\/posts\/4049","targetHints":{"allow":["GET"]}}],"collection":[{"href":"https:\/\/akdenizolay.com.tr\/index.php\/wp-json\/wp\/v2\/posts"}],"about":[{"href":"https:\/\/akdenizolay.com.tr\/index.php\/wp-json\/wp\/v2\/types\/post"}],"author":[{"embeddable":true,"href":"https:\/\/akdenizolay.com.tr\/index.php\/wp-json\/wp\/v2\/users\/1"}],"replies":[{"embeddable":true,"href":"https:\/\/akdenizolay.com.tr\/index.php\/wp-json\/wp\/v2\/comments?post=4049"}],"version-history":[{"count":1,"href":"https:\/\/akdenizolay.com.tr\/index.php\/wp-json\/wp\/v2\/posts\/4049\/revisions"}],"predecessor-version":[{"id":4051,"href":"https:\/\/akdenizolay.com.tr\/index.php\/wp-json\/wp\/v2\/posts\/4049\/revisions\/4051"}],"wp:featuredmedia":[{"embeddable":true,"href":"https:\/\/akdenizolay.com.tr\/index.php\/wp-json\/wp\/v2\/media\/4050"}],"wp:attachment":[{"href":"https:\/\/akdenizolay.com.tr\/index.php\/wp-json\/wp\/v2\/media?parent=4049"}],"wp:term":[{"taxonomy":"category","embeddable":true,"href":"https:\/\/akdenizolay.com.tr\/index.php\/wp-json\/wp\/v2\/categories?post=4049"},{"taxonomy":"post_tag","embeddable":true,"href":"https:\/\/akdenizolay.com.tr\/index.php\/wp-json\/wp\/v2\/tags?post=4049"}],"curies":[{"name":"wp","href":"https:\/\/api.w.org\/{rel}","templated":true}]}}