{"id":4052,"date":"2026-03-16T11:08:27","date_gmt":"2026-03-16T11:08:27","guid":{"rendered":"https:\/\/akdenizolay.com.tr\/index.php\/2026\/03\/16\/canakkale-ruhu-karsiyakada-canlanacak\/"},"modified":"2026-03-16T11:08:28","modified_gmt":"2026-03-16T11:08:28","slug":"canakkale-ruhu-karsiyakada-canlanacak","status":"publish","type":"post","link":"https:\/\/akdenizolay.com.tr\/index.php\/2026\/03\/16\/canakkale-ruhu-karsiyakada-canlanacak\/","title":{"rendered":"\u00c7anakkale ruhu Kar\u015f\u0131yaka\u2019da canlanacak!"},"content":{"rendered":"<p> <b>Kar\u015f\u0131yaka Belediyesi Halk Danslar\u0131 Toplulu\u011fu, 18 Mart\u2019ta sahneleyece\u011fi \u201c\u00c7anakkale 1915 DUR YOLCU!\u201d g\u00f6sterisiyle, \u00c7anakkale ruhunu Kar\u015f\u0131yaka\u2019ya ta\u015f\u0131yacak. 120 dans\u00e7\u0131n\u0131n sergileyece\u011fi m\u00fczikal g\u00f6steri, Kar\u015f\u0131yaka Suat Ta\u015fer Sanat Merkezi\u2019nde saat 20.45\u2019te ba\u015flayacak. Belediye Ba\u015fkan\u0131 Y\u0131ld\u0131z \u00dcnsal \u201cE\u015fsiz bir destan\u0131n, sanat\u0131n g\u00fcc\u00fcyle sahnede canlanaca\u011f\u0131 bu anlaml\u0131 g\u00f6steriye t\u00fcm vatanda\u015flar\u0131m\u0131z\u0131 bekliyoruz\u201d dedi.<\/b><\/p>\n<p>Kar\u015f\u0131yaka Belediyesi, 18 Mart \u00c7anakkale Zaferi\u2019nin y\u0131l d\u00f6n\u00fcm\u00fcn\u00fc duygusal bir etkinlikle kutlayacak. Kar\u015f\u0131yaka Belediyesi Halk Danslar\u0131 Toplulu\u011fu\u2019nun sergileyece\u011fi \u201c\u00c7anakkale 1915 DUR YOLCU!\u201d adl\u0131 m\u00fczikal g\u00f6steri, 18 Mart \u00c7ar\u015famba g\u00fcn\u00fc saat 20.45\u2019te Kar\u015f\u0131yaka Suat Ta\u015fer Sanat Merkezi\u2019nde izleyicilerle bulu\u015facak. Genel Sanat Y\u00f6netmenli\u011fini Burak Elib\u00fcy\u00fck ve Alper \u00d6zarslan\u2019\u0131n \u00fcstlendi\u011fi g\u00f6steride 120 dans\u00e7\u0131 g\u00f6rev alacak. T\u00fcrk milletinin kaderini de\u011fi\u015ftiren \u00c7anakkale Destan\u0131; m\u00fczik, tiyatro ve dans\u0131n birle\u015fti\u011fi duygu dolu bir performansla sahneye ta\u015f\u0131nacak.<\/p>\n<p><b>7\u2019DEN 77\u2019YE ZAFER CO\u015eKUSU<\/b><\/p>\n<p>Ayr\u0131ca Kar\u015f\u0131yaka Belediyesi 3. Ya\u015f \u00dcniversitesi \u00f6\u011frencileri, 18 Mart saat 14.00\u2019te Bilge \u00c7\u0131narlar Sa\u011fl\u0131kl\u0131 Ya\u015f Alma Merkezi\u2019nde bir drama g\u00f6sterisi sergileyecek. K\u0131sa S\u00fcreli Engelli Dinlenme Merkezi\u2019nin \u00f6zel \u00fcyeleri ise 3 Nisan Cuma g\u00fcn\u00fc saat 20.00\u2019de \u201c\u00c7anakkale\u2019den Kurtulu\u015fa\u201d adl\u0131 tiyatro oyunuyla \u00c7ar\u015f\u0131 K\u00fclt\u00fcr Merkezi\u2019nde seyircilerin kar\u015f\u0131s\u0131na \u00e7\u0131kacak.<\/p>\n<p><b>\u201cSONSUZ M\u0130NNETLE ANIYORUZ\u201d<\/b><\/p>\n<p>Kar\u015f\u0131yaka Belediye Ba\u015fkan\u0131 Y\u0131ld\u0131z \u00dcnsal \u201c18 Mart \u00c7anakkale Zaferi\u2019nin y\u0131l d\u00f6n\u00fcm\u00fcnde; Ulu \u00d6nderimiz Gazi Mustafa Kemal Atat\u00fcrk ba\u015fta olmak \u00fczere, vatan u\u011fruna\u00a0canlar\u0131 pahas\u0131na\u00a0m\u00fccadele eden t\u00fcm \u015fehitlerimizi ve kahraman gazilerimizi sonsuz minnetle an\u0131yoruz. Bundan tam 111 y\u0131l \u00f6nce\u00a0\u00c7anakkale\u2019de\u00a0yaz\u0131lan destan, milletimizin birlik ve beraberlik i\u00e7inde neleri ba\u015farabilece\u011finin en g\u00fc\u00e7l\u00fc g\u00f6stergelerinden biridir. Bu e\u015fsiz zaferin y\u0131l d\u00f6n\u00fcm\u00fcn\u00fc kutlamak, kahramanlar\u0131m\u0131z\u0131 anmak ve m\u00fccadelelerini yeni nesillere aktarmak i\u00e7in d\u00fczenleyece\u011fimiz etkinliklere t\u00fcm vatanda\u015flar\u0131m\u0131z\u0131 bekliyoruz\u201d diye konu\u015ftu.<\/p>\n<p>\u00a0<\/p>\n<p>Kaynak: (BYZHA) Beyaz Haber Ajans\u0131<\/p>\n","protected":false},"excerpt":{"rendered":"<p>Kar\u015f\u0131yaka Belediyesi Halk Danslar\u0131 Toplulu\u011fu, 18 Mart\u2019ta sahneleyece\u011fi \u201c\u00c7anakkale 1915 DUR YOLCU!\u201d g\u00f6sterisiyle, \u00c7anakkale ruhunu Kar\u015f\u0131yaka\u2019ya ta\u015f\u0131yacak.<\/p>\n","protected":false},"author":1,"featured_media":4053,"comment_status":"open","ping_status":"open","sticky":false,"template":"","format":"standard","meta":{"footnotes":""},"categories":[24],"tags":[],"class_list":["post-4052","post","type-post","status-publish","format-standard","has-post-thumbnail","hentry","category-kultur-sanat"],"_links":{"self":[{"href":"https:\/\/akdenizolay.com.tr\/index.php\/wp-json\/wp\/v2\/posts\/4052","targetHints":{"allow":["GET"]}}],"collection":[{"href":"https:\/\/akdenizolay.com.tr\/index.php\/wp-json\/wp\/v2\/posts"}],"about":[{"href":"https:\/\/akdenizolay.com.tr\/index.php\/wp-json\/wp\/v2\/types\/post"}],"author":[{"embeddable":true,"href":"https:\/\/akdenizolay.com.tr\/index.php\/wp-json\/wp\/v2\/users\/1"}],"replies":[{"embeddable":true,"href":"https:\/\/akdenizolay.com.tr\/index.php\/wp-json\/wp\/v2\/comments?post=4052"}],"version-history":[{"count":1,"href":"https:\/\/akdenizolay.com.tr\/index.php\/wp-json\/wp\/v2\/posts\/4052\/revisions"}],"predecessor-version":[{"id":4054,"href":"https:\/\/akdenizolay.com.tr\/index.php\/wp-json\/wp\/v2\/posts\/4052\/revisions\/4054"}],"wp:featuredmedia":[{"embeddable":true,"href":"https:\/\/akdenizolay.com.tr\/index.php\/wp-json\/wp\/v2\/media\/4053"}],"wp:attachment":[{"href":"https:\/\/akdenizolay.com.tr\/index.php\/wp-json\/wp\/v2\/media?parent=4052"}],"wp:term":[{"taxonomy":"category","embeddable":true,"href":"https:\/\/akdenizolay.com.tr\/index.php\/wp-json\/wp\/v2\/categories?post=4052"},{"taxonomy":"post_tag","embeddable":true,"href":"https:\/\/akdenizolay.com.tr\/index.php\/wp-json\/wp\/v2\/tags?post=4052"}],"curies":[{"name":"wp","href":"https:\/\/api.w.org\/{rel}","templated":true}]}}