{"id":4061,"date":"2026-03-16T11:17:56","date_gmt":"2026-03-16T11:17:56","guid":{"rendered":"https:\/\/akdenizolay.com.tr\/index.php\/2026\/03\/16\/beylikduzunde-atiklar-sanata-donustu\/"},"modified":"2026-03-16T11:17:57","modified_gmt":"2026-03-16T11:17:57","slug":"beylikduzunde-atiklar-sanata-donustu","status":"publish","type":"post","link":"https:\/\/akdenizolay.com.tr\/index.php\/2026\/03\/16\/beylikduzunde-atiklar-sanata-donustu\/","title":{"rendered":"Beylikd\u00fcz\u00fc\u2019nde At\u0131klar Sanata D\u00f6n\u00fc\u015ft\u00fc"},"content":{"rendered":"<p> <span style=\"font-size:12pt\"><span style=\",serif\"><b><span style=\"font-size:14.0pt\">Beylikd\u00fcz\u00fc Belediyesi \u201cAnadolu Kad\u0131n\u0131: At\u0131ktan Sanata- Emek, D\u00f6n\u00fc\u015f\u00fcm ve Do\u011faya Sayg\u0131n\u0131n Hik\u00e2yesi\u201d temal\u0131 renkli bir etkinli\u011fe ev sahipli\u011fi yapt\u0131. Beylikd\u00fcz\u00fc Atat\u00fcrk K\u00fclt\u00fcr ve Sanat Merkezi Han\u0131meli Sergi Salonu\u2019nda d\u00fczenlenen etkinlikte s\u00fcrd\u00fcr\u00fclebilir ya\u015fam k\u00fclt\u00fcr\u00fc ve geri d\u00f6n\u00fc\u015f\u00fcm\u00fcn \u00f6nemine dikkat \u00e7ekildi.<\/span><\/b><\/span><\/span><\/p>\n<p><span style=\"font-size:12pt\"><span style=\",serif\">Beylikd\u00fcz\u00fc Belediyesi, \u00e7evre bilincini art\u0131rmak, s\u00fcrd\u00fcr\u00fclebilir ya\u015fam k\u00fclt\u00fcr\u00fcn\u00fc yayg\u0131nla\u015ft\u0131rmak ve geri d\u00f6n\u00fc\u015f\u00fcm\u00fcn \u00f6nemine dikkat \u00e7ekmek amac\u0131yla \u201cAnadolu Kad\u0131n\u0131: At\u0131ktan Sanata &#8211; Emek, D\u00f6n\u00fc\u015f\u00fcm ve Do\u011faya Sayg\u0131n\u0131n Hik\u00e2yesi\u201d temal\u0131 renkli bir etkinli\u011fe ev sahipli\u011fi yapt\u0131. Y\u0131l i\u00e7erisinde belirli periyotlarla belediye ekipleri taraf\u0131ndan verilen s\u0131f\u0131r at\u0131k, geri d\u00f6n\u00fc\u015f\u00fcm ve \u00e7evre bilinci e\u011fitimlerine kat\u0131lan \u00f6\u011frenciler, geri d\u00f6n\u00fc\u015f\u00fcm malzemeleri kullanarak haz\u0131rlad\u0131klar\u0131 sanatsal \u00e7al\u0131\u015fmalarla etkinli\u011fe katk\u0131 sundu. Beylikd\u00fcz\u00fc Atat\u00fcrk K\u00fclt\u00fcr ve Sanat Merkezi Han\u0131meli Sergi Salonu\u2019nda d\u00fczenlenen etkinlikte \u00f6\u011frenciler taraf\u0131ndan haz\u0131rlanan eserler sergilenirken, davetliler de sergi alan\u0131n\u0131 gezerek \u00e7al\u0131\u015fmalar hakk\u0131nda bilgi ald\u0131. Geri d\u00f6n\u00fc\u015f\u00fcm materyallerinden tasarlanan k\u0131yafetlerle d\u00fczenlenen \u201cAt\u0131k Defilesi\u201dnde ise Anadolu kad\u0131n\u0131n\u0131n eme\u011fi, \u00fcretkenli\u011fi ve do\u011faya sayg\u0131s\u0131n\u0131 yans\u0131tan de\u011ferler sanat arac\u0131l\u0131\u011f\u0131yla ele al\u0131narak \u00e7evre duyarl\u0131l\u0131\u011f\u0131na dikkat \u00e7ekildi.<\/span><\/span><\/p>\n<p><span style=\"font-size:12pt\"><span style=\",serif\"><b>\u00d6\u011frencilerin g\u00f6z\u00fcyle Anadolu kad\u0131n\u0131<\/b><\/span><\/span><\/p>\n<p><span style=\"font-size:12pt\"><span style=\",serif\">Serginin amac\u0131n\u0131n il\u00e7ede \u00e7evre bilincini geli\u015ftirmek oldu\u011funu dile getiren \u00c7evre Koruma ve Kontrol M\u00fcd\u00fcr\u00fc Tuncay Canpolat, \u201cAnadolu kad\u0131n\u0131 y\u0131llard\u0131r \u00fcreten, yoktan var eden ve \u00e7evre bilincine sahip olan bir fig\u00fcrd\u00fcr. S\u0131f\u0131r at\u0131k anlay\u0131\u015f\u0131n\u0131 belki de tarihte ilk uygulayan kad\u0131nlar olduklar\u0131 d\u00fc\u015f\u00fcncesiyle, bug\u00fcn \u00f6\u011frencilerimizin g\u00f6z\u00fcyle \u2018Anadolu Kad\u0131n\u0131\u2019 temal\u0131 sergimizi sizlere sunmak istedik. Burada eme\u011fi ge\u00e7en t\u00fcm \u00f6\u011fretmenlerimize ve \u00f6\u011frencilerimize yapt\u0131klar\u0131 \u00e7al\u0131\u015fmalardan dolay\u0131 te\u015fekk\u00fcr ediyoruz. Bu organizasyonun il\u00e7emize ve di\u011fer e\u011fitim kurumlar\u0131na \u00f6rnek olmas\u0131n\u0131 diliyoruz.\u201d \u015feklinde konu\u015ftu.<\/span><\/span><\/p>\n<p>\u00a0<\/p>\n<p>\u00a0<\/p>\n<p>Kaynak: (BYZHA) Beyaz Haber Ajans\u0131<\/p>\n","protected":false},"excerpt":{"rendered":"<p>Beylikd\u00fcz\u00fc Belediyesi \u201cAnadolu Kad\u0131n\u0131: At\u0131ktan Sanata- Emek, D\u00f6n\u00fc\u015f\u00fcm ve Do\u011faya Sayg\u0131n\u0131n Hik\u00e2yesi\u201d temal\u0131 renkli bir etkinli\u011fe ev sahipli\u011fi yapt\u0131.<\/p>\n","protected":false},"author":1,"featured_media":4062,"comment_status":"open","ping_status":"open","sticky":false,"template":"","format":"standard","meta":{"footnotes":""},"categories":[24],"tags":[],"class_list":["post-4061","post","type-post","status-publish","format-standard","has-post-thumbnail","hentry","category-kultur-sanat"],"_links":{"self":[{"href":"https:\/\/akdenizolay.com.tr\/index.php\/wp-json\/wp\/v2\/posts\/4061","targetHints":{"allow":["GET"]}}],"collection":[{"href":"https:\/\/akdenizolay.com.tr\/index.php\/wp-json\/wp\/v2\/posts"}],"about":[{"href":"https:\/\/akdenizolay.com.tr\/index.php\/wp-json\/wp\/v2\/types\/post"}],"author":[{"embeddable":true,"href":"https:\/\/akdenizolay.com.tr\/index.php\/wp-json\/wp\/v2\/users\/1"}],"replies":[{"embeddable":true,"href":"https:\/\/akdenizolay.com.tr\/index.php\/wp-json\/wp\/v2\/comments?post=4061"}],"version-history":[{"count":1,"href":"https:\/\/akdenizolay.com.tr\/index.php\/wp-json\/wp\/v2\/posts\/4061\/revisions"}],"predecessor-version":[{"id":4063,"href":"https:\/\/akdenizolay.com.tr\/index.php\/wp-json\/wp\/v2\/posts\/4061\/revisions\/4063"}],"wp:featuredmedia":[{"embeddable":true,"href":"https:\/\/akdenizolay.com.tr\/index.php\/wp-json\/wp\/v2\/media\/4062"}],"wp:attachment":[{"href":"https:\/\/akdenizolay.com.tr\/index.php\/wp-json\/wp\/v2\/media?parent=4061"}],"wp:term":[{"taxonomy":"category","embeddable":true,"href":"https:\/\/akdenizolay.com.tr\/index.php\/wp-json\/wp\/v2\/categories?post=4061"},{"taxonomy":"post_tag","embeddable":true,"href":"https:\/\/akdenizolay.com.tr\/index.php\/wp-json\/wp\/v2\/tags?post=4061"}],"curies":[{"name":"wp","href":"https:\/\/api.w.org\/{rel}","templated":true}]}}