{"id":4064,"date":"2026-03-16T11:28:40","date_gmt":"2026-03-16T11:28:40","guid":{"rendered":"https:\/\/akdenizolay.com.tr\/index.php\/2026\/03\/16\/alasehirliler-buyuksehirin-iftar-sofrasinda-bulustu\/"},"modified":"2026-03-16T11:28:41","modified_gmt":"2026-03-16T11:28:41","slug":"alasehirliler-buyuksehirin-iftar-sofrasinda-bulustu","status":"publish","type":"post","link":"https:\/\/akdenizolay.com.tr\/index.php\/2026\/03\/16\/alasehirliler-buyuksehirin-iftar-sofrasinda-bulustu\/","title":{"rendered":"Ala\u015fehirliler B\u00fcy\u00fck\u015fehir\u2019in \u0130ftar Sofras\u0131nda Bulu\u015ftu"},"content":{"rendered":"<p> Manisa B\u00fcy\u00fck\u015fehir Belediyesi ve Ala\u015fehir Belediyesi i\u015f birli\u011fiyle d\u00fczenlenen iftar program\u0131, Ala\u015fehirli vatanda\u015flar\u0131 ayn\u0131 sofrada bir araya getirdi. Ramazan ay\u0131n\u0131n payla\u015fma ve dayan\u0131\u015fma ruhunun ya\u015fand\u0131\u011f\u0131 gecede, \u00e7ocuklar i\u00e7in haz\u0131rlanan g\u00f6steriler de renkli anlara sahne oldu. \u0130ftar program\u0131na Manisa B\u00fcy\u00fck\u015fehir Belediye Ba\u015fkan\u0131 Besim Dutlulu da kat\u0131ld\u0131.<\/p>\n<p>Ramazan ay\u0131n\u0131n birlik ve beraberlik iklimini \u015fehrin d\u00f6rt bir yan\u0131na ta\u015f\u0131yan Manisa B\u00fcy\u00fck\u015fehir Belediyesi, Ala\u015fehir\u2019de y\u00fczlerce vatanda\u015f\u0131 ayn\u0131 sofrada bulu\u015fturdu. Programa Manisa B\u00fcy\u00fck\u015fehir Belediye Ba\u015fkan\u0131 Besim Dutlulu, Ala\u015fehir Belediye Ba\u015fkan\u0131 Ahmet \u00d6k\u00fczc\u00fco\u011flu, Sar\u0131g\u00f6l Belediye Ba\u015fkan\u0131 Tahsin Akdeniz, MASK\u0130 Genel M\u00fcd\u00fcr\u00fc Ali K\u0131l\u0131\u00e7, B\u00fcy\u00fck\u015fehir Belediyesi Genel Sekreter Yard\u0131mc\u0131lar\u0131 Ula\u015f Ayd\u0131n ve Erk Kayaba\u015f, sivil toplum kurulu\u015fu temsilcileri, mahalle muhtarlar\u0131 ve \u00e7ok say\u0131da vatanda\u015f kat\u0131ld\u0131.<\/p>\n<p><b>\u00c7ocuklar Unutulmad\u0131<\/b><\/p>\n<p>\u0130ftar \u00f6ncesinde alana gelen Ba\u015fkan Besim Dutlulu ve Ala\u015fehir Belediye Ba\u015fkan\u0131 Ahmet \u00d6k\u00fczc\u00fco\u011flu, masalar\u0131 tek tek gezerek vatanda\u015flar\u0131 selamlad\u0131. Oru\u00e7lar\u0131n hep birlikte a\u00e7\u0131ld\u0131\u011f\u0131 iftar program\u0131nda, Ramazan ay\u0131n\u0131n bereketi payla\u015f\u0131ld\u0131. Yemek sonras\u0131 \u00e7ocuklar i\u00e7in d\u00fczenlenen geleneksel Hacivat-Karag\u00f6z g\u00f6lge oyunu ile jongl\u00f6r ve sihirbazl\u0131k g\u00f6sterileri, ak\u015fam\u0131n ne\u015fesini art\u0131rarak hem \u00e7ocuklardan hem de ailelerinden b\u00fcy\u00fck be\u011feni toplad\u0131.<\/p>\n<p><b>\u201cSofralar\u0131m\u0131zdan Huzur ve Mutluluk Eksik Olmas\u0131n\u201d<\/b><\/p>\n<p>Programda konu\u015fan Ala\u015fehir Belediye Ba\u015fkan\u0131 Ahmet \u00d6k\u00fczc\u00fco\u011flu, kat\u0131l\u0131mc\u0131lara te\u015fekk\u00fcr ederek \u015funlar\u0131 s\u00f6yledi: \u201cPayla\u015fman\u0131n hazz\u0131, oru\u00e7 tutman\u0131n verdi\u011fi huzur ve ibadetlerimizi yerine getirmi\u015f olman\u0131n mutlulu\u011fu i\u00e7erisindeyiz. Sofralar\u0131m\u0131zdan huzur ve mutluluk eksik olmas\u0131n.\u201d<\/p>\n<p><b>\u201cRamazan\u2019\u0131n Bereketini Hem\u015ferilerimizle Payla\u015f\u0131yoruz\u201d<\/b><\/p>\n<p>Ramazan ay\u0131n\u0131n birlik, beraberlik ve dayan\u0131\u015fma duygular\u0131n\u0131 g\u00fc\u00e7lendirdi\u011fini vurgulayan Manisa B\u00fcy\u00fck\u015fehir Belediye Ba\u015fkan\u0131 Besim Dutlulu ise, Ramazan\u2019\u0131n bereketini Manisal\u0131larla payla\u015fmak ad\u0131na \u015fehrin d\u00f6rt bir yan\u0131nda iftar programlar\u0131 d\u00fczenlediklerini belirtti. Ba\u015fkan Dutlulu, \u201cBu ak\u015fam sofran\u0131z\u0131 bizlere a\u00e7t\u0131n\u0131z, iftar\u0131m\u0131z\u0131 hep beraber yapt\u0131k. T\u00fcm Ala\u015fehirli hem\u015fehrilerimizin Ramazan\u0131 m\u00fcbarek olsun, hay\u0131rl\u0131 iftarlar dilerim\u201d ifadelerini kulland\u0131.<\/p>\n<p>\u00a0<\/p>\n<p>\u00a0<\/p>\n<p>Kaynak: (BYZHA) Beyaz Haber Ajans\u0131<\/p>\n","protected":false},"excerpt":{"rendered":"<p>Manisa B\u00fcy\u00fck\u015fehir Belediyesi ve Ala\u015fehir Belediyesi i\u015f birli\u011fiyle d\u00fczenlenen iftar program\u0131, Ala\u015fehirli vatanda\u015flar\u0131 ayn\u0131 sofrada bir araya getirdi.<\/p>\n","protected":false},"author":1,"featured_media":4065,"comment_status":"open","ping_status":"open","sticky":false,"template":"","format":"standard","meta":{"footnotes":""},"categories":[20],"tags":[],"class_list":["post-4064","post","type-post","status-publish","format-standard","has-post-thumbnail","hentry","category-gundem"],"_links":{"self":[{"href":"https:\/\/akdenizolay.com.tr\/index.php\/wp-json\/wp\/v2\/posts\/4064","targetHints":{"allow":["GET"]}}],"collection":[{"href":"https:\/\/akdenizolay.com.tr\/index.php\/wp-json\/wp\/v2\/posts"}],"about":[{"href":"https:\/\/akdenizolay.com.tr\/index.php\/wp-json\/wp\/v2\/types\/post"}],"author":[{"embeddable":true,"href":"https:\/\/akdenizolay.com.tr\/index.php\/wp-json\/wp\/v2\/users\/1"}],"replies":[{"embeddable":true,"href":"https:\/\/akdenizolay.com.tr\/index.php\/wp-json\/wp\/v2\/comments?post=4064"}],"version-history":[{"count":1,"href":"https:\/\/akdenizolay.com.tr\/index.php\/wp-json\/wp\/v2\/posts\/4064\/revisions"}],"predecessor-version":[{"id":4066,"href":"https:\/\/akdenizolay.com.tr\/index.php\/wp-json\/wp\/v2\/posts\/4064\/revisions\/4066"}],"wp:featuredmedia":[{"embeddable":true,"href":"https:\/\/akdenizolay.com.tr\/index.php\/wp-json\/wp\/v2\/media\/4065"}],"wp:attachment":[{"href":"https:\/\/akdenizolay.com.tr\/index.php\/wp-json\/wp\/v2\/media?parent=4064"}],"wp:term":[{"taxonomy":"category","embeddable":true,"href":"https:\/\/akdenizolay.com.tr\/index.php\/wp-json\/wp\/v2\/categories?post=4064"},{"taxonomy":"post_tag","embeddable":true,"href":"https:\/\/akdenizolay.com.tr\/index.php\/wp-json\/wp\/v2\/tags?post=4064"}],"curies":[{"name":"wp","href":"https:\/\/api.w.org\/{rel}","templated":true}]}}