{"id":4079,"date":"2026-03-16T15:40:16","date_gmt":"2026-03-16T15:40:16","guid":{"rendered":"https:\/\/akdenizolay.com.tr\/index.php\/2026\/03\/16\/baskan-hatice-gencay-mavisehirde-ataturk-kultur-ve-yasam-alani-hizla-yukseliyor\/"},"modified":"2026-03-16T15:40:17","modified_gmt":"2026-03-16T15:40:17","slug":"baskan-hatice-gencay-mavisehirde-ataturk-kultur-ve-yasam-alani-hizla-yukseliyor","status":"publish","type":"post","link":"https:\/\/akdenizolay.com.tr\/index.php\/2026\/03\/16\/baskan-hatice-gencay-mavisehirde-ataturk-kultur-ve-yasam-alani-hizla-yukseliyor\/","title":{"rendered":"Ba\u015fkan Hatice Gen\u00e7ay: Mavi\u015fehir\u2019de Atat\u00fcrk K\u00fclt\u00fcr ve Ya\u015fam Alan\u0131 H\u0131zla Y\u00fckseliyor"},"content":{"rendered":"\n<p style=\"text-align:justify;margin-bottom:11px\"><span style=\"font-size:12pt\"><span style=\"line-height:115%\"><span style=\"font-family:Calibri,sans-serif\"><span style=\",serif\">Didim Belediyesi taraf\u0131ndan Mavi\u015fehir Mahallesi\u2019nde hayata ge\u00e7irilen Atat\u00fcrk K\u00fclt\u00fcr ve Ya\u015fam Alan\u0131 projesinde \u00e7al\u0131\u015fmalar h\u0131z kesmeden devam ediyor. Kentin \u00f6nemli ya\u015fam alanlar\u0131ndan biri olarak planlanan proje, tamamland\u0131\u011f\u0131nda b\u00f6lgeye modern bir sosyal ya\u015fam alan\u0131 kazand\u0131racak.<\/span><\/span><\/span><\/span><\/p>\n<p style=\"text-align:justify;margin-bottom:11px\"><span style=\"font-size:12pt\"><span style=\"line-height:115%\"><span style=\"font-family:Calibri,sans-serif\"><span style=\",serif\">\u00c7al\u0131\u015fmalar\u0131n s\u00fcrd\u00fc\u011f\u00fc alanda y\u00fcr\u00fct\u00fclen d\u00fczenlemelerle birlikte proje her ge\u00e7en g\u00fcn \u015fekillenmeye devam ederken, Atat\u00fcrk K\u00fclt\u00fcr ve Ya\u015fam Alan\u0131\u2019n\u0131n mahalle sakinleri i\u00e7in \u00f6nemli bir bulu\u015fma noktas\u0131 olmas\u0131 hedefleniyor.<\/span><\/span><\/span><\/span><\/p>\n<p style=\"text-align:justify;margin-bottom:11px\"><span style=\"font-size:12pt\"><span style=\"line-height:115%\"><span style=\"font-family:Calibri,sans-serif\"><span style=\",serif\">Sosyal Ya\u015fam\u0131 G\u00fc\u00e7lendirecek<\/span><\/span><\/span><\/span><\/p>\n<p style=\"text-align:justify;margin-bottom:11px\"><span style=\"font-size:12pt\"><span style=\"line-height:115%\"><span style=\"font-family:Calibri,sans-serif\"><span style=\",serif\">Proje kapsam\u0131nda y\u00fcr\u00fcy\u00fc\u015f yollar\u0131, dinlenme alanlar\u0131, ye\u015fil peyzaj d\u00fczenlemeleri ve farkl\u0131 ya\u015f gruplar\u0131na hitap edecek sosyal alanlar\u0131n olu\u015fturulmas\u0131 planlan\u0131yor. Tamamland\u0131\u011f\u0131nda Atat\u00fcrk K\u00fclt\u00fcr ve Ya\u015fam Alan\u0131\u2019n\u0131n, b\u00f6lge halk\u0131n\u0131n g\u00fcnl\u00fck ya\u015fam\u0131na de\u011fer katacak ve sosyal ya\u015fam\u0131 canland\u0131racak \u00f6nemli bir merkez olmas\u0131 bekleniyor.<\/span><\/span><\/span><\/span><\/p>\n<p style=\"text-align:justify;margin-bottom:11px\"><span style=\"font-size:12pt\"><span style=\"line-height:115%\"><span style=\"font-family:Calibri,sans-serif\"><span style=\",serif\">Ba\u015fkan Hatice Gen\u00e7ay: \u201cHalk\u0131m\u0131z \u0130\u00e7in Modern Ya\u015fam Alanlar\u0131 Olu\u015fturuyoruz\u201d<\/span><\/span><\/span><\/span><\/p>\n<p style=\"text-align:justify;margin-bottom:11px\"><span style=\"font-size:12pt\"><span style=\"line-height:115%\"><span style=\"font-family:Calibri,sans-serif\"><span style=\",serif\">Didim Belediye Ba\u015fkan\u0131 Hatice Gen\u00e7ay, \u00e7al\u0131\u015fmalara ili\u015fkin yapt\u0131\u011f\u0131 de\u011ferlendirmede, \u201cHalk\u0131m\u0131z\u0131n nefes alabilece\u011fi, aileleriyle birlikte keyifli vakit ge\u00e7irebilece\u011fi modern ya\u015fam alanlar\u0131 olu\u015fturmak i\u00e7in \u00e7al\u0131\u015fmalar\u0131m\u0131z\u0131 s\u00fcrd\u00fcr\u00fcyoruz. Atat\u00fcrk K\u00fclt\u00fcr ve Ya\u015fam Alan\u0131 projemiz de bu anlay\u0131\u015f\u0131n \u00f6nemli bir par\u00e7as\u0131. \u0130\u00e7erisinde bir\u00e7ok sosyal alan\u0131 bar\u0131nd\u0131racak bu projeyi en k\u0131sa s\u00fcrede tamamlayarak halk\u0131m\u0131z\u0131n hizmetine sunmay\u0131 hedefliyoruz.\u201d ifadelerini kulland\u0131.<\/span><\/span><\/span><\/span><\/p>\n<p style=\"text-align:justify;margin-bottom:11px\">\u00a0<\/p>\n<p>Kaynak: (BYZHA) Beyaz Haber Ajans\u0131<\/p>\n","protected":false},"excerpt":{"rendered":"<p>Didim Belediyesi taraf\u0131ndan Mavi\u015fehir Mahallesi\u2019nde hayata ge\u00e7irilen Atat\u00fcrk K\u00fclt\u00fcr ve Ya\u015fam Alan\u0131 projesinde \u00e7al\u0131\u015fmalar h\u0131z kesmeden devam ediyor.<\/p>\n","protected":false},"author":1,"featured_media":4080,"comment_status":"open","ping_status":"open","sticky":false,"template":"","format":"standard","meta":{"footnotes":""},"categories":[24],"tags":[],"class_list":["post-4079","post","type-post","status-publish","format-standard","has-post-thumbnail","hentry","category-kultur-sanat"],"_links":{"self":[{"href":"https:\/\/akdenizolay.com.tr\/index.php\/wp-json\/wp\/v2\/posts\/4079","targetHints":{"allow":["GET"]}}],"collection":[{"href":"https:\/\/akdenizolay.com.tr\/index.php\/wp-json\/wp\/v2\/posts"}],"about":[{"href":"https:\/\/akdenizolay.com.tr\/index.php\/wp-json\/wp\/v2\/types\/post"}],"author":[{"embeddable":true,"href":"https:\/\/akdenizolay.com.tr\/index.php\/wp-json\/wp\/v2\/users\/1"}],"replies":[{"embeddable":true,"href":"https:\/\/akdenizolay.com.tr\/index.php\/wp-json\/wp\/v2\/comments?post=4079"}],"version-history":[{"count":1,"href":"https:\/\/akdenizolay.com.tr\/index.php\/wp-json\/wp\/v2\/posts\/4079\/revisions"}],"predecessor-version":[{"id":4081,"href":"https:\/\/akdenizolay.com.tr\/index.php\/wp-json\/wp\/v2\/posts\/4079\/revisions\/4081"}],"wp:featuredmedia":[{"embeddable":true,"href":"https:\/\/akdenizolay.com.tr\/index.php\/wp-json\/wp\/v2\/media\/4080"}],"wp:attachment":[{"href":"https:\/\/akdenizolay.com.tr\/index.php\/wp-json\/wp\/v2\/media?parent=4079"}],"wp:term":[{"taxonomy":"category","embeddable":true,"href":"https:\/\/akdenizolay.com.tr\/index.php\/wp-json\/wp\/v2\/categories?post=4079"},{"taxonomy":"post_tag","embeddable":true,"href":"https:\/\/akdenizolay.com.tr\/index.php\/wp-json\/wp\/v2\/tags?post=4079"}],"curies":[{"name":"wp","href":"https:\/\/api.w.org\/{rel}","templated":true}]}}