{"id":4088,"date":"2026-03-16T16:17:42","date_gmt":"2026-03-16T16:17:42","guid":{"rendered":"https:\/\/akdenizolay.com.tr\/index.php\/2026\/03\/16\/baskan-cercioglundan-mezarliklarda-ramazan-bayrami-oncesi-temizlik-calismasi\/"},"modified":"2026-03-16T16:17:43","modified_gmt":"2026-03-16T16:17:43","slug":"baskan-cercioglundan-mezarliklarda-ramazan-bayrami-oncesi-temizlik-calismasi","status":"publish","type":"post","link":"https:\/\/akdenizolay.com.tr\/index.php\/2026\/03\/16\/baskan-cercioglundan-mezarliklarda-ramazan-bayrami-oncesi-temizlik-calismasi\/","title":{"rendered":"Ba\u015fkan \u00c7er\u00e7io\u011flu\u2019ndan Mezarl\u0131klarda Ramazan Bayram\u0131 \u00d6ncesi Temizlik \u00c7al\u0131\u015fmas\u0131"},"content":{"rendered":"<p> Ayd\u0131n B\u00fcy\u00fck\u015fehir Belediyesi, Ramazan Bayram\u0131\u2019nda vatanda\u015flar\u0131n kabir ziyaretlerini daha temiz ve d\u00fczenli ortamlarda ger\u00e7ekle\u015ftirebilmesi i\u00e7in kent genelindeki mezarl\u0131klarda temizlik ve bak\u0131m \u00e7al\u0131\u015fmalar\u0131n\u0131 artt\u0131rd\u0131.<\/p>\n<p>Ayd\u0131n B\u00fcy\u00fck\u015fehir Belediyesi ekipleri taraf\u0131ndan planl\u0131 ve programl\u0131 bir \u015fekilde s\u00fcrd\u00fcr\u00fclen mezarl\u0131k bak\u0131m \u00e7al\u0131\u015fmalar\u0131na Ramazan Bayram\u0131 \u00f6ncesinde h\u0131z verildi. \u00c7al\u0131\u015fmalar kapsam\u0131nda ekipler, B\u00fcy\u00fck\u015fehir Belediyesi sorumlulu\u011funda bulunan mezarl\u0131klarda trim\u00f6r ile ot bi\u00e7me, a\u011fa\u00e7 ve bitki budama, \u00e7evre d\u00fczenleme ile genel temizlik faaliyetleri ger\u00e7ekle\u015ftiriyor.<\/p>\n<p>Ayd\u0131n B\u00fcy\u00fck\u015fehir Belediye Ba\u015fkan\u0131 \u00d6zlem \u00c7er\u00e7io\u011flu, kent genelinde B\u00fcy\u00fck\u015fehir Belediyesi\u2019nin sorumlulu\u011funda bulunan mezarl\u0131klarda \u00e7al\u0131\u015fmalar\u0131n devam edece\u011fini belirtti. Vatanda\u015flar ise mezarl\u0131klarda ger\u00e7ekle\u015ftirilen bak\u0131m ve temizlik \u00e7al\u0131\u015fmalar\u0131ndan memnuniyet duyduklar\u0131n\u0131 ifade ederek Ba\u015fkan \u00c7er\u00e7io\u011flu\u2019na te\u015fekk\u00fcr etti.<\/p>\n<p>\u00a0<\/p>\n<p>Kaynak: (BYZHA) Beyaz Haber Ajans\u0131<\/p>\n","protected":false},"excerpt":{"rendered":"<p>Ayd\u0131n B\u00fcy\u00fck\u015fehir Belediyesi, Ramazan Bayram\u0131\u2019nda vatanda\u015flar\u0131n kabir ziyaretlerini daha temiz ve d\u00fczenli ortamlarda ger\u00e7ekle\u015ftirebilmesi i\u00e7in kent genelindeki mezarl\u0131klarda temizlik ve bak\u0131m \u00e7al\u0131\u015fmalar\u0131n\u0131 artt\u0131rd\u0131.<\/p>\n","protected":false},"author":1,"featured_media":4089,"comment_status":"open","ping_status":"open","sticky":false,"template":"","format":"standard","meta":{"footnotes":""},"categories":[20],"tags":[],"class_list":["post-4088","post","type-post","status-publish","format-standard","has-post-thumbnail","hentry","category-gundem"],"_links":{"self":[{"href":"https:\/\/akdenizolay.com.tr\/index.php\/wp-json\/wp\/v2\/posts\/4088","targetHints":{"allow":["GET"]}}],"collection":[{"href":"https:\/\/akdenizolay.com.tr\/index.php\/wp-json\/wp\/v2\/posts"}],"about":[{"href":"https:\/\/akdenizolay.com.tr\/index.php\/wp-json\/wp\/v2\/types\/post"}],"author":[{"embeddable":true,"href":"https:\/\/akdenizolay.com.tr\/index.php\/wp-json\/wp\/v2\/users\/1"}],"replies":[{"embeddable":true,"href":"https:\/\/akdenizolay.com.tr\/index.php\/wp-json\/wp\/v2\/comments?post=4088"}],"version-history":[{"count":1,"href":"https:\/\/akdenizolay.com.tr\/index.php\/wp-json\/wp\/v2\/posts\/4088\/revisions"}],"predecessor-version":[{"id":4090,"href":"https:\/\/akdenizolay.com.tr\/index.php\/wp-json\/wp\/v2\/posts\/4088\/revisions\/4090"}],"wp:featuredmedia":[{"embeddable":true,"href":"https:\/\/akdenizolay.com.tr\/index.php\/wp-json\/wp\/v2\/media\/4089"}],"wp:attachment":[{"href":"https:\/\/akdenizolay.com.tr\/index.php\/wp-json\/wp\/v2\/media?parent=4088"}],"wp:term":[{"taxonomy":"category","embeddable":true,"href":"https:\/\/akdenizolay.com.tr\/index.php\/wp-json\/wp\/v2\/categories?post=4088"},{"taxonomy":"post_tag","embeddable":true,"href":"https:\/\/akdenizolay.com.tr\/index.php\/wp-json\/wp\/v2\/tags?post=4088"}],"curies":[{"name":"wp","href":"https:\/\/api.w.org\/{rel}","templated":true}]}}