{"id":4094,"date":"2026-03-16T16:28:01","date_gmt":"2026-03-16T16:28:01","guid":{"rendered":"https:\/\/akdenizolay.com.tr\/index.php\/2026\/03\/16\/ilber-ortayli-icin-iettden-ozel-saygi-otobusu\/"},"modified":"2026-03-16T16:28:03","modified_gmt":"2026-03-16T16:28:03","slug":"ilber-ortayli-icin-iettden-ozel-saygi-otobusu","status":"publish","type":"post","link":"https:\/\/akdenizolay.com.tr\/index.php\/2026\/03\/16\/ilber-ortayli-icin-iettden-ozel-saygi-otobusu\/","title":{"rendered":"\u0130lber Ortayl\u0131 \u0130\u00e7in \u0130ETT\u2019den \u00d6zel Sayg\u0131 Otob\u00fcs\u00fc"},"content":{"rendered":"<p> T\u00fcrkiye\u2019nin en \u00f6nemli tarih akademisyenlerinden olan ve \u201cgen\u00e7lere tarihi sevdiren ki\u015fi\u201d olarak an\u0131lan Prof. Dr. \u0130lber Ortayl\u0131\u2019n\u0131n vefat\u0131 sonras\u0131 \u0130ETT \u00f6zel bir sayg\u0131 otob\u00fcs\u00fc tasarlad\u0131 ve hizmete ald\u0131. 1947 y\u0131l\u0131nda Avusturya\u2019da d\u00fcnyaya gelen, ya\u015fam\u0131 boyunca say\u0131s\u0131z esere imza atan ve katk\u0131 veren, devlet ni\u015fanlar\u0131 ba\u015fta olmak \u00fczere ulusal ve uluslar aras\u0131 \u00e7ok say\u0131da prestijli \u00f6d\u00fcle sahip olan Prof. Dr. \u0130lber Ortayl\u0131 13 Mart 2026 tarihinde 79 ya\u015f\u0131nda vefat etti.\u00a0<\/p>\n<p><strong>HATIRASI \u0130STANBUL YOLLARINDA OLACAK<\/strong><\/p>\n<p>\u00d6zellikle son y\u0131llarda kat\u0131ld\u0131\u011f\u0131 bir \u00e7ok etkinlik, destek verdi\u011fi eserler ve kat\u0131ld\u0131\u011f\u0131 programlar ile \u00f6zellikle T\u00fcrk tarihi ba\u015fta olmak \u00fczere, d\u00fcnya tarihine \u00f6zellikle gen\u00e7lerin yak\u0131ndan ilgi duymas\u0131n\u0131 sa\u011flayan duayen tarih hocas\u0131 Prof. Dr. \u0130lber Ortayl\u0131 i\u00e7in \u0130ETT \u00f6zel bir sayg\u0131 otob\u00fcs\u00fc haz\u0131rlad\u0131.\u00a0<\/p>\n<p><strong>\u00dcN\u0130VERS\u0130TEN\u0130N OLDU\u011eU B\u00d6LGEDE G\u00d6REV YAPIYOR<\/strong><\/p>\n<p>Hocan\u0131n uzun y\u0131llar g\u00f6rev yapt\u0131\u011f\u0131 ve cenaze t\u00f6reninin de ger\u00e7ekle\u015fti\u011fi Galatasaray \u00dcniversitesi\u2019nin bulundu\u011fu b\u00f6lgede g\u00f6revlendiren \u201c\u0130lber Ortayl\u0131 Sayg\u0131 Otob\u00fcs\u00fc\u201d 57UL Be\u015fikta\u015f \u2013 Kuru\u00e7e\u015fme\u00fcst\u00fc hatt\u0131nda hizmet vermek i\u00e7in g\u00f6reve ba\u015flad\u0131.<\/p>\n<p><strong>H\u0130ZMET VERMEYE DEVAM EDECEK<\/strong><\/p>\n<p>\u201c\u0130lber Ortayl\u0131 Sayg\u0131 Otob\u00fcs\u00fc\u201d ilgili hatta planlanan seferler dahilinde herhangi bir s\u00fcre s\u0131n\u0131rlamas\u0131 olmadan hizmet vermeye devam edecek.<\/p>\n<p>\u00a0<\/p>\n<p>\u00a0<\/p>\n<p>Kaynak: (BYZHA) Beyaz Haber Ajans\u0131<\/p>\n","protected":false},"excerpt":{"rendered":"<p>T\u00fcrkiye\u2019nin en \u00f6nemli tarih akademisyenlerinden olan ve \u201cgen\u00e7lere tarihi sevdiren ki\u015fi\u201d olarak an\u0131lan Prof.<\/p>\n","protected":false},"author":1,"featured_media":4095,"comment_status":"open","ping_status":"open","sticky":false,"template":"","format":"standard","meta":{"footnotes":""},"categories":[24],"tags":[],"class_list":["post-4094","post","type-post","status-publish","format-standard","has-post-thumbnail","hentry","category-kultur-sanat"],"_links":{"self":[{"href":"https:\/\/akdenizolay.com.tr\/index.php\/wp-json\/wp\/v2\/posts\/4094","targetHints":{"allow":["GET"]}}],"collection":[{"href":"https:\/\/akdenizolay.com.tr\/index.php\/wp-json\/wp\/v2\/posts"}],"about":[{"href":"https:\/\/akdenizolay.com.tr\/index.php\/wp-json\/wp\/v2\/types\/post"}],"author":[{"embeddable":true,"href":"https:\/\/akdenizolay.com.tr\/index.php\/wp-json\/wp\/v2\/users\/1"}],"replies":[{"embeddable":true,"href":"https:\/\/akdenizolay.com.tr\/index.php\/wp-json\/wp\/v2\/comments?post=4094"}],"version-history":[{"count":1,"href":"https:\/\/akdenizolay.com.tr\/index.php\/wp-json\/wp\/v2\/posts\/4094\/revisions"}],"predecessor-version":[{"id":4096,"href":"https:\/\/akdenizolay.com.tr\/index.php\/wp-json\/wp\/v2\/posts\/4094\/revisions\/4096"}],"wp:featuredmedia":[{"embeddable":true,"href":"https:\/\/akdenizolay.com.tr\/index.php\/wp-json\/wp\/v2\/media\/4095"}],"wp:attachment":[{"href":"https:\/\/akdenizolay.com.tr\/index.php\/wp-json\/wp\/v2\/media?parent=4094"}],"wp:term":[{"taxonomy":"category","embeddable":true,"href":"https:\/\/akdenizolay.com.tr\/index.php\/wp-json\/wp\/v2\/categories?post=4094"},{"taxonomy":"post_tag","embeddable":true,"href":"https:\/\/akdenizolay.com.tr\/index.php\/wp-json\/wp\/v2\/tags?post=4094"}],"curies":[{"name":"wp","href":"https:\/\/api.w.org\/{rel}","templated":true}]}}