{"id":4100,"date":"2026-03-16T18:08:04","date_gmt":"2026-03-16T18:08:04","guid":{"rendered":"https:\/\/akdenizolay.com.tr\/index.php\/2026\/03\/16\/baskan-cercioglu-aydinin-dort-bir-yaninda-vatandaslari-iftar-sofralari-ile-bulusturmayi-surduruyor\/"},"modified":"2026-03-16T18:08:05","modified_gmt":"2026-03-16T18:08:05","slug":"baskan-cercioglu-aydinin-dort-bir-yaninda-vatandaslari-iftar-sofralari-ile-bulusturmayi-surduruyor","status":"publish","type":"post","link":"https:\/\/akdenizolay.com.tr\/index.php\/2026\/03\/16\/baskan-cercioglu-aydinin-dort-bir-yaninda-vatandaslari-iftar-sofralari-ile-bulusturmayi-surduruyor\/","title":{"rendered":"Ba\u015fkan \u00c7er\u00e7io\u011flu Ayd\u0131n\u2019\u0131n D\u00f6rt Bir Yan\u0131nda Vatanda\u015flar\u0131 \u0130ftar Sofralar\u0131 \u0130le Bulu\u015fturmay\u0131 S\u00fcrd\u00fcr\u00fcyor"},"content":{"rendered":"<p> Her y\u0131l oldu\u011fu gibi bu y\u0131l da vatanda\u015flar\u0131 iftar sofralar\u0131nda bulu\u015fturan Ayd\u0131n B\u00fcy\u00fck\u015fehir Belediyesi, Ramazan ay\u0131n\u0131n bereketini ve dayan\u0131\u015fma ruhunu Ayd\u0131n\u2019\u0131n d\u00f6rt bir yan\u0131na ta\u015f\u0131may\u0131 s\u00fcrd\u00fcr\u00fcyor. B\u00fcy\u00fck\u015fehir Belediyesi\u2019nin kurdu\u011fu g\u00f6n\u00fcl sofralar\u0131nda her ya\u015ftan vatanda\u015f bir araya geliyor, oru\u00e7lar hep birlikte a\u00e7\u0131l\u0131yor.<br \/>B\u00fcy\u00fck\u015fehir Belediyesi\u2019nin iftar sofralar\u0131 bug\u00fcn de Efeler il\u00e7esinde Atat\u00fcrk Kent Meydan\u0131 ile Konuklu ve Umurlu Mahallelerinde, S\u00f6ke il\u00e7esinde Yenicamii Mahallesi\u2019nde, Germencik il\u00e7esinde Ortaklar Mahallesi\u2019nde, Ko\u00e7arl\u0131 il\u00e7esinde G\u00fcd\u00fc\u015fl\u00fc Mahallesi\u2019nde, Sultanhisar il\u00e7esinde Demirhan Mahallesi\u2019nde ve K\u00f6\u015fk il\u00e7esinde Cumayan\u0131 Mahallesi\u2019nde kuruldu.<br \/>Mahallelerinde kurulan sofralarda bir araya gelen vatanda\u015flar, Ramazan ay\u0131n\u0131n birlik ve beraberlik ruhunu hep birlikte ya\u015fad\u0131klar\u0131n\u0131 belirterek Ayd\u0131n B\u00fcy\u00fck\u015fehir Belediye Ba\u015fkan\u0131 \u00d6zlem \u00c7er\u00e7io\u011flu\u2019na te\u015fekk\u00fcr etti.<\/p>\n<p>Ayd\u0131n B\u00fcy\u00fck\u015fehir Belediyesi, Ramazan ay\u0131 boyunca iftar sofralar\u0131yla Ayd\u0131nl\u0131lar\u0131 bir araya getirmeyi s\u00fcrd\u00fcrecek.<\/p>\n<p>\u00a0<\/p>\n<p>\u00a0<\/p>\n<p>Kaynak: (BYZHA) Beyaz Haber Ajans\u0131<\/p>\n","protected":false},"excerpt":{"rendered":"<p>Her y\u0131l oldu\u011fu gibi bu y\u0131l da vatanda\u015flar\u0131 iftar sofralar\u0131nda bulu\u015fturan Ayd\u0131n B\u00fcy\u00fck\u015fehir Belediyesi, Ramazan ay\u0131n\u0131n bereketini ve dayan\u0131\u015fma ruhunu Ayd\u0131n\u2019\u0131n d\u00f6rt bir yan\u0131na ta\u015f\u0131may\u0131 s\u00fcrd\u00fcr\u00fcyor.<\/p>\n","protected":false},"author":1,"featured_media":4101,"comment_status":"open","ping_status":"open","sticky":false,"template":"","format":"standard","meta":{"footnotes":""},"categories":[20],"tags":[],"class_list":["post-4100","post","type-post","status-publish","format-standard","has-post-thumbnail","hentry","category-gundem"],"_links":{"self":[{"href":"https:\/\/akdenizolay.com.tr\/index.php\/wp-json\/wp\/v2\/posts\/4100","targetHints":{"allow":["GET"]}}],"collection":[{"href":"https:\/\/akdenizolay.com.tr\/index.php\/wp-json\/wp\/v2\/posts"}],"about":[{"href":"https:\/\/akdenizolay.com.tr\/index.php\/wp-json\/wp\/v2\/types\/post"}],"author":[{"embeddable":true,"href":"https:\/\/akdenizolay.com.tr\/index.php\/wp-json\/wp\/v2\/users\/1"}],"replies":[{"embeddable":true,"href":"https:\/\/akdenizolay.com.tr\/index.php\/wp-json\/wp\/v2\/comments?post=4100"}],"version-history":[{"count":1,"href":"https:\/\/akdenizolay.com.tr\/index.php\/wp-json\/wp\/v2\/posts\/4100\/revisions"}],"predecessor-version":[{"id":4102,"href":"https:\/\/akdenizolay.com.tr\/index.php\/wp-json\/wp\/v2\/posts\/4100\/revisions\/4102"}],"wp:featuredmedia":[{"embeddable":true,"href":"https:\/\/akdenizolay.com.tr\/index.php\/wp-json\/wp\/v2\/media\/4101"}],"wp:attachment":[{"href":"https:\/\/akdenizolay.com.tr\/index.php\/wp-json\/wp\/v2\/media?parent=4100"}],"wp:term":[{"taxonomy":"category","embeddable":true,"href":"https:\/\/akdenizolay.com.tr\/index.php\/wp-json\/wp\/v2\/categories?post=4100"},{"taxonomy":"post_tag","embeddable":true,"href":"https:\/\/akdenizolay.com.tr\/index.php\/wp-json\/wp\/v2\/tags?post=4100"}],"curies":[{"name":"wp","href":"https:\/\/api.w.org\/{rel}","templated":true}]}}