{"id":4106,"date":"2026-03-16T20:08:03","date_gmt":"2026-03-16T20:08:03","guid":{"rendered":"https:\/\/akdenizolay.com.tr\/index.php\/2026\/03\/16\/bayindirda-kadir-gecesi-bereketi-sehir-stadyumunda-dev-gonul-sofrasi-kuruldu\/"},"modified":"2026-03-16T20:08:04","modified_gmt":"2026-03-16T20:08:04","slug":"bayindirda-kadir-gecesi-bereketi-sehir-stadyumunda-dev-gonul-sofrasi-kuruldu","status":"publish","type":"post","link":"https:\/\/akdenizolay.com.tr\/index.php\/2026\/03\/16\/bayindirda-kadir-gecesi-bereketi-sehir-stadyumunda-dev-gonul-sofrasi-kuruldu\/","title":{"rendered":"Bay\u0131nd\u0131r\u2019da Kadir Gecesi Bereketi: \u015eehir Stadyumu&#8217;nda Dev G\u00f6n\u00fcl Sofras\u0131 Kuruldu"},"content":{"rendered":"<p> Bay\u0131nd\u0131r Belediyesi taraf\u0131ndan, bin aydan daha hay\u0131rl\u0131 kabul edilen Kadir Gecesi dolay\u0131s\u0131yla Bay\u0131nd\u0131r \u015eehir Stadyumu\u2019nda d\u00fczenlenen iftar program\u0131, il\u00e7e protokol\u00fc ile binlerce vatanda\u015f\u0131 ayn\u0131 sofrada bulu\u015fturdu. Ramazan ay\u0131n\u0131n manevi ikliminin doru\u011fa ula\u015ft\u0131\u011f\u0131 bu \u00f6zel gecede, dayan\u0131\u015fma ve beraberlik mesajlar\u0131 verildi.<\/p>\n<p>Maneviyat\u0131n, payla\u015fman\u0131n ve karde\u015fli\u011fin g\u00fc\u00e7lendi\u011fi iftar program\u0131na kat\u0131l\u0131m yo\u011fun oldu. \u0130ftara; Bay\u0131nd\u0131r Kaymakam\u0131 Murat Mete, Bay\u0131nd\u0131r Belediye Ba\u015fkan\u0131 Davut Sakarsu, \u0130l\u00e7e Jandarma Komutan\u0131 \u00dctgm. \u0130smail E\u015fmeli, \u0130l\u00e7e Emniyet M\u00fcd\u00fcr\u00fc \u00d6zg\u00fcr Din\u00e7, \u0130zmir \u0130li Dam\u0131zl\u0131k S\u0131\u011f\u0131r Yeti\u015ftiricileri Birli\u011fi Ba\u015fkan\u0131 ve CHP Bay\u0131nd\u0131r \u0130l\u00e7e Ba\u015fkan\u0131 Arif Uyguner kat\u0131ld\u0131. Ayr\u0131ca il\u00e7edeki resmi dairelerin ve okullar\u0131n m\u00fcd\u00fcrleri, belediye meclis \u00fcyeleri, belediye ba\u015fkan yard\u0131mc\u0131lar\u0131, muhtarlar ve \u00e7ok say\u0131da Bay\u0131nd\u0131rl\u0131 vatanda\u015f da bu bereketli sofrada yerini ald\u0131. Stadyumu dolduran vatanda\u015flar, okunan ezan ve dualar e\u015fli\u011finde oru\u00e7lar\u0131n\u0131 birlikte a\u00e7t\u0131.<\/p>\n<p><b>Ba\u015fkan Sakarsu: &#8220;Kadir Gecesi&#8217;nin Huzurunu Birlikte Ya\u015f\u0131yoruz&#8221;<\/b><br \/>Bay\u0131nd\u0131r \u015eehir Stadyumu&#8217;nda kurulan bu anlaml\u0131 iftar sofras\u0131n\u0131n ard\u0131ndan bir konu\u015fma yapan Bay\u0131nd\u0131r Belediye Ba\u015fkan\u0131 Davut Sakarsu, t\u00fcm kat\u0131l\u0131mc\u0131lar\u0131n ve \u0130slam aleminin Kadir Gecesi&#8217;ni tebrik etti.<\/p>\n<p>Ba\u015fkan Sakarsu konu\u015fmas\u0131nda \u015fu ifadelere yer verdi: &#8220;Bin aydan daha hay\u0131rl\u0131 olan, manevi duygular\u0131m\u0131z\u0131n doru\u011fa ula\u015ft\u0131\u011f\u0131 Kadir Gecesi&#8217;nin\u00a0<b>huzurunu<\/b>\u00a0ve bereketini, \u015eehir Stadyumumuzda kurdu\u011fumuz bu b\u00fcy\u00fck g\u00f6n\u00fcl sofras\u0131nda hep birlikte ya\u015f\u0131yoruz. Ayn\u0131 duaya &#8216;amin&#8217; dedi\u011fimiz, lokmam\u0131z\u0131 b\u00f6l\u00fc\u015ft\u00fc\u011f\u00fcm\u00fcz b\u00f6ylesine m\u00fcstesna geceler, karde\u015fli\u011fimizin ve birli\u011fimizin en b\u00fcy\u00fck teminat\u0131d\u0131r. Davetimize icabet ederek sofram\u0131z\u0131 bereketlendiren Say\u0131n Kaymakam\u0131m\u0131za, de\u011ferli protokol \u00fcyelerimize ve sofram\u0131z\u0131n as\u0131l sahibi olan k\u0131ymetli hem\u015fehrilerime \u015f\u00fckranlar\u0131m\u0131 sunuyorum. Y\u00fcce Rabbim tuttu\u011fumuz oru\u00e7lar\u0131 ve etti\u011fimiz dualar\u0131 kabul eylesin. Yakla\u015fmakta olan Ramazan Bayram\u0131&#8217;n\u0131n da \u00fclkemize, milletimize ve t\u00fcm insanl\u0131\u011fa bar\u0131\u015f, huzur ve sa\u011fl\u0131k getirmesini temenni ediyorum.&#8221; dedi.<\/p>\n<p>\u00a0<\/p>\n<p>\u00a0<\/p>\n<p>Kaynak: (BYZHA) Beyaz Haber Ajans\u0131<\/p>\n","protected":false},"excerpt":{"rendered":"<p>Bay\u0131nd\u0131r Belediyesi taraf\u0131ndan, bin aydan daha hay\u0131rl\u0131 kabul edilen Kadir Gecesi dolay\u0131s\u0131yla Bay\u0131nd\u0131r \u015eehir Stadyumu\u2019nda d\u00fczenlenen iftar program\u0131, il\u00e7e protokol\u00fc ile binlerce vatanda\u015f\u0131 ayn\u0131 sofrada bulu\u015fturdu.<\/p>\n","protected":false},"author":1,"featured_media":4107,"comment_status":"open","ping_status":"open","sticky":false,"template":"","format":"standard","meta":{"footnotes":""},"categories":[20],"tags":[],"class_list":["post-4106","post","type-post","status-publish","format-standard","has-post-thumbnail","hentry","category-gundem"],"_links":{"self":[{"href":"https:\/\/akdenizolay.com.tr\/index.php\/wp-json\/wp\/v2\/posts\/4106","targetHints":{"allow":["GET"]}}],"collection":[{"href":"https:\/\/akdenizolay.com.tr\/index.php\/wp-json\/wp\/v2\/posts"}],"about":[{"href":"https:\/\/akdenizolay.com.tr\/index.php\/wp-json\/wp\/v2\/types\/post"}],"author":[{"embeddable":true,"href":"https:\/\/akdenizolay.com.tr\/index.php\/wp-json\/wp\/v2\/users\/1"}],"replies":[{"embeddable":true,"href":"https:\/\/akdenizolay.com.tr\/index.php\/wp-json\/wp\/v2\/comments?post=4106"}],"version-history":[{"count":1,"href":"https:\/\/akdenizolay.com.tr\/index.php\/wp-json\/wp\/v2\/posts\/4106\/revisions"}],"predecessor-version":[{"id":4108,"href":"https:\/\/akdenizolay.com.tr\/index.php\/wp-json\/wp\/v2\/posts\/4106\/revisions\/4108"}],"wp:featuredmedia":[{"embeddable":true,"href":"https:\/\/akdenizolay.com.tr\/index.php\/wp-json\/wp\/v2\/media\/4107"}],"wp:attachment":[{"href":"https:\/\/akdenizolay.com.tr\/index.php\/wp-json\/wp\/v2\/media?parent=4106"}],"wp:term":[{"taxonomy":"category","embeddable":true,"href":"https:\/\/akdenizolay.com.tr\/index.php\/wp-json\/wp\/v2\/categories?post=4106"},{"taxonomy":"post_tag","embeddable":true,"href":"https:\/\/akdenizolay.com.tr\/index.php\/wp-json\/wp\/v2\/tags?post=4106"}],"curies":[{"name":"wp","href":"https:\/\/api.w.org\/{rel}","templated":true}]}}