{"id":4109,"date":"2026-03-16T20:08:05","date_gmt":"2026-03-16T20:08:05","guid":{"rendered":"https:\/\/akdenizolay.com.tr\/index.php\/2026\/03\/16\/kemer-iftarda-bulustu\/"},"modified":"2026-03-16T20:08:06","modified_gmt":"2026-03-16T20:08:06","slug":"kemer-iftarda-bulustu","status":"publish","type":"post","link":"https:\/\/akdenizolay.com.tr\/index.php\/2026\/03\/16\/kemer-iftarda-bulustu\/","title":{"rendered":"Kemer iftarda bulu\u015ftu"},"content":{"rendered":"<p> Kemer Belediye Ba\u015fkan\u0131 Necati Topalo\u011flu ev sahipli\u011finde Kemer Cumhuriyet Meydan\u0131&#8217;nda iftar yeme\u011fi d\u00fczenlendi. Yakla\u015f\u0131k 5 bin vatanda\u015f\u0131n kat\u0131ld\u0131\u011f\u0131 iftar program\u0131nda Ba\u015fkan Topalo\u011flu, meclis \u00fcyeleri ile birlikte vatanda\u015flar\u0131n Kadir Gecesi\u2019ni de tebrik etti.\u00a0<\/p>\n<p>Kemer Cumhuriyet Meydan\u0131&#8217;nda d\u00fczenlenen iftar yeme\u011fine, Kemer Belediye Ba\u015fkan\u0131 Necati Topalo\u011flu\u2019nun yan\u0131 s\u0131ra CHP Kemer \u0130l\u00e7e Ba\u015fkan\u0131 Sedat Karakaya ve il\u00e7e y\u00f6netimi, Kemer Belediye Ba\u015fkan Yard\u0131mc\u0131lar\u0131 Emin G\u00fcl, Semih Top, Mehmet Derya Baytekin, Furkan \u00dcst\u00fcnda\u011f, G\u00fcls\u00fcm Bal, Kemer Belediye Meclis \u00dcyeleri Mustafa Bilici, Mehmet Ak\u0131n, H\u00fcseyin \u00c7elik, Ali Akar, Mustafa \u00c7elik, Sema \u00d6zdemir, Cans\u0131n Efir, H\u00fcseyin Sek, Timur Zabito\u011flu, Antalya B\u00fcy\u00fck\u015fehir Belediyesi Kemer Koordinat\u00f6r\u00fc \u0130smail Selami Minta, Kemer Belediyesi Mahalle Sorumlular\u0131, CHP Kemer Kad\u0131n Kollar\u0131 Ba\u015fkan\u0131 Ay\u015feg\u00fcl \u00c7elebi, belediye birim m\u00fcd\u00fcrleri, STK temsilcileri, muhtarlar ve vatanda\u015flar kat\u0131ld\u0131.\u00a0<\/p>\n<p>\u0130ftar yeme\u011fi \u00f6ncesi Cumhuriyet Meydan\u0131&#8217;na gelen vatanda\u015flar\u0131 Ba\u015fkan Topalo\u011flu ve beraberindekiler kar\u015f\u0131larken, Kur&#8217;an-\u0131 Kerim tilaveti ve dualar okundu.<\/p>\n<p>Ba\u015fkan Topalo\u011flu, vatanda\u015flarla selamla\u015farak \u00e7ocuklarla bol bol foto\u011fraf \u00e7ektirdi. Ba\u015fkan Topalo\u011flu, masalar\u0131 tek tek dola\u015farak hem vatanda\u015flarla sohbet etti hem de iftar\u0131n\u0131 a\u00e7an vatanda\u015flar\u0131n Kadri Gecesi\u2019ni de tebrik etti.\u00a0<\/p>\n<p>\u0130ftar yeme\u011fine kat\u0131lan vatanda\u015flar, iftar program\u0131 kapsam\u0131nda d\u00fczenlenen semazen g\u00f6sterisini ilgiyle izledi.<\/p>\n<p>\u0130ftar program\u0131, Kemer \u0130l\u00e7e M\u00fcft\u00fcs\u00fc Muttalip Karata\u015f\u2019\u0131n yapt\u0131\u011f\u0131 dua ile sona erdi. Bir sonraki iftar program\u0131n\u0131n, 17 Mart Sal\u0131 (Yar\u0131n) g\u00fcn\u00fc G\u00f6yn\u00fck Mahallesi\u2019ne ba\u011fl\u0131 De\u011firmendere\u2019de yap\u0131laca\u011f\u0131 bildirildi.<\/p>\n<p>\u00a0<\/p>\n<p>Kaynak: (BYZHA) Beyaz Haber Ajans\u0131<\/p>\n","protected":false},"excerpt":{"rendered":"<p>Kemer Belediye Ba\u015fkan\u0131 Necati Topalo\u011flu ev sahipli\u011finde Kemer Cumhuriyet Meydan\u0131&#8217;nda iftar yeme\u011fi d\u00fczenlendi.<\/p>\n","protected":false},"author":1,"featured_media":4110,"comment_status":"open","ping_status":"open","sticky":false,"template":"","format":"standard","meta":{"footnotes":""},"categories":[20],"tags":[],"class_list":["post-4109","post","type-post","status-publish","format-standard","has-post-thumbnail","hentry","category-gundem"],"_links":{"self":[{"href":"https:\/\/akdenizolay.com.tr\/index.php\/wp-json\/wp\/v2\/posts\/4109","targetHints":{"allow":["GET"]}}],"collection":[{"href":"https:\/\/akdenizolay.com.tr\/index.php\/wp-json\/wp\/v2\/posts"}],"about":[{"href":"https:\/\/akdenizolay.com.tr\/index.php\/wp-json\/wp\/v2\/types\/post"}],"author":[{"embeddable":true,"href":"https:\/\/akdenizolay.com.tr\/index.php\/wp-json\/wp\/v2\/users\/1"}],"replies":[{"embeddable":true,"href":"https:\/\/akdenizolay.com.tr\/index.php\/wp-json\/wp\/v2\/comments?post=4109"}],"version-history":[{"count":1,"href":"https:\/\/akdenizolay.com.tr\/index.php\/wp-json\/wp\/v2\/posts\/4109\/revisions"}],"predecessor-version":[{"id":4111,"href":"https:\/\/akdenizolay.com.tr\/index.php\/wp-json\/wp\/v2\/posts\/4109\/revisions\/4111"}],"wp:featuredmedia":[{"embeddable":true,"href":"https:\/\/akdenizolay.com.tr\/index.php\/wp-json\/wp\/v2\/media\/4110"}],"wp:attachment":[{"href":"https:\/\/akdenizolay.com.tr\/index.php\/wp-json\/wp\/v2\/media?parent=4109"}],"wp:term":[{"taxonomy":"category","embeddable":true,"href":"https:\/\/akdenizolay.com.tr\/index.php\/wp-json\/wp\/v2\/categories?post=4109"},{"taxonomy":"post_tag","embeddable":true,"href":"https:\/\/akdenizolay.com.tr\/index.php\/wp-json\/wp\/v2\/tags?post=4109"}],"curies":[{"name":"wp","href":"https:\/\/api.w.org\/{rel}","templated":true}]}}