{"id":4112,"date":"2026-03-16T20:18:17","date_gmt":"2026-03-16T20:18:17","guid":{"rendered":"https:\/\/akdenizolay.com.tr\/index.php\/2026\/03\/16\/aydin-buyuksehir-belediyesinden-kadir-gecesinde-lokum-ikrami\/"},"modified":"2026-03-16T20:18:18","modified_gmt":"2026-03-16T20:18:18","slug":"aydin-buyuksehir-belediyesinden-kadir-gecesinde-lokum-ikrami","status":"publish","type":"post","link":"https:\/\/akdenizolay.com.tr\/index.php\/2026\/03\/16\/aydin-buyuksehir-belediyesinden-kadir-gecesinde-lokum-ikrami\/","title":{"rendered":"Ayd\u0131n B\u00fcy\u00fck\u015fehir Belediyesi\u2019nden Kadir Gecesi\u2019nde Lokum \u0130kram\u0131"},"content":{"rendered":"<p> Ayd\u0131n B\u00fcy\u00fck\u015fehir Belediyesi, Kadir Gecesi dolay\u0131s\u0131yla Ayd\u0131n\u2019\u0131n 17 il\u00e7esinde, camilerde vatanda\u015flara lokum ikram\u0131nda bulundu.<br \/>Vatanda\u015flar, bu anlaml\u0131 gecede ger\u00e7ekle\u015ftirilen ikramdan duyduklar\u0131 memnuniyeti dile getirerek Ayd\u0131n B\u00fcy\u00fck\u015fehir Belediye Ba\u015fkan\u0131 \u00d6zlem \u00c7er\u00e7io\u011flu\u2019na te\u015fekk\u00fcr etti. Kadir Gecesi\u2019nin m\u00fcbarek olmas\u0131n\u0131 dileyen Ba\u015fkan \u00c7er\u00e7io\u011flu,\u00a0\u201cT\u00fcm insanl\u0131\u011fa sa\u011fl\u0131k, huzur ve bar\u0131\u015f getirmesi dile\u011fiyle; Kadir Gecemiz m\u00fcbarek olsun\u201d\u00a0ifadelerini kulland\u0131.<\/p>\n<p>\u00a0<\/p>\n<p>Kaynak: (BYZHA) Beyaz Haber Ajans\u0131<\/p>\n","protected":false},"excerpt":{"rendered":"<p>Ayd\u0131n B\u00fcy\u00fck\u015fehir Belediyesi, Kadir Gecesi dolay\u0131s\u0131yla Ayd\u0131n\u2019\u0131n 17 il\u00e7esinde, camilerde vatanda\u015flara lokum ikram\u0131nda bulundu.<\/p>\n","protected":false},"author":1,"featured_media":4113,"comment_status":"open","ping_status":"open","sticky":false,"template":"","format":"standard","meta":{"footnotes":""},"categories":[20],"tags":[],"class_list":["post-4112","post","type-post","status-publish","format-standard","has-post-thumbnail","hentry","category-gundem"],"_links":{"self":[{"href":"https:\/\/akdenizolay.com.tr\/index.php\/wp-json\/wp\/v2\/posts\/4112","targetHints":{"allow":["GET"]}}],"collection":[{"href":"https:\/\/akdenizolay.com.tr\/index.php\/wp-json\/wp\/v2\/posts"}],"about":[{"href":"https:\/\/akdenizolay.com.tr\/index.php\/wp-json\/wp\/v2\/types\/post"}],"author":[{"embeddable":true,"href":"https:\/\/akdenizolay.com.tr\/index.php\/wp-json\/wp\/v2\/users\/1"}],"replies":[{"embeddable":true,"href":"https:\/\/akdenizolay.com.tr\/index.php\/wp-json\/wp\/v2\/comments?post=4112"}],"version-history":[{"count":1,"href":"https:\/\/akdenizolay.com.tr\/index.php\/wp-json\/wp\/v2\/posts\/4112\/revisions"}],"predecessor-version":[{"id":4114,"href":"https:\/\/akdenizolay.com.tr\/index.php\/wp-json\/wp\/v2\/posts\/4112\/revisions\/4114"}],"wp:featuredmedia":[{"embeddable":true,"href":"https:\/\/akdenizolay.com.tr\/index.php\/wp-json\/wp\/v2\/media\/4113"}],"wp:attachment":[{"href":"https:\/\/akdenizolay.com.tr\/index.php\/wp-json\/wp\/v2\/media?parent=4112"}],"wp:term":[{"taxonomy":"category","embeddable":true,"href":"https:\/\/akdenizolay.com.tr\/index.php\/wp-json\/wp\/v2\/categories?post=4112"},{"taxonomy":"post_tag","embeddable":true,"href":"https:\/\/akdenizolay.com.tr\/index.php\/wp-json\/wp\/v2\/tags?post=4112"}],"curies":[{"name":"wp","href":"https:\/\/api.w.org\/{rel}","templated":true}]}}