{"id":4121,"date":"2026-03-17T07:17:49","date_gmt":"2026-03-17T07:17:49","guid":{"rendered":"https:\/\/akdenizolay.com.tr\/index.php\/2026\/03\/17\/buyuksehirden-kandil-simidi-ikrami\/"},"modified":"2026-03-17T07:17:50","modified_gmt":"2026-03-17T07:17:50","slug":"buyuksehirden-kandil-simidi-ikrami","status":"publish","type":"post","link":"https:\/\/akdenizolay.com.tr\/index.php\/2026\/03\/17\/buyuksehirden-kandil-simidi-ikrami\/","title":{"rendered":"B\u00fcy\u00fck\u015fehir\u2019den kandil simidi ikram\u0131"},"content":{"rendered":"<p> Kocaeli B\u00fcy\u00fck\u015fehir Belediyesi, kandil simidi ikram\u0131 gelene\u011fini Kadir Gecesi\u2019nde de devam ettirdi. B\u00fcy\u00fck\u015fehir taraf\u0131ndan haz\u0131rlanan kandil simitleri, Fevziye Camii bah\u00e7esinde teravih namaz\u0131 sonras\u0131 vatanda\u015flara da\u011f\u0131t\u0131ld\u0131.<\/p>\n<p><b>KAD\u0130R GECES\u0130\u2019NDE DE\u011eERL\u0130 PAYLA\u015eIM<\/b><\/p>\n<p>Ramazan boyunca 11 Ay\u0131n Sultan\u0131&#8217;n\u0131n ruhunu hissettiren samimi bulu\u015fma ve payla\u015fma ortamlar\u0131 olu\u015fturan Kocaeli B\u00fcy\u00fck\u015fehir Belediyesi, kentin d\u00f6rt bir yan\u0131nda s\u00fcrd\u00fcrd\u00fc\u011f\u00fc manevi ve sosyal etkinliklerle vatanda\u015flar\u0131n Ramazan co\u015fkusunu ve manevi atmosferini en g\u00fczel \u015fekilde ya\u015famas\u0131na katk\u0131 sa\u011fl\u0131yor. Bu kapsamda Sivil Toplum Kurulu\u015flar\u0131 ile \u0130li\u015fkiler Dairesi Ba\u015fkanl\u0131\u011f\u0131&#8217;na ba\u011fl\u0131 ekipler taraf\u0131ndan \u0130slam aleminin kutsal gecelerinden biri olan Kadir Gecesi\u2019nde vatanda\u015flara kandil simidi ikram edildi.<\/p>\n<p><b>\u00a0B\u00dcY\u00dcK\u015eEH\u0130R, RAMAZAN\u2019IN RUHUNU \u015eEH\u0130RLE BULU\u015eTURDU<\/b><\/p>\n<p>Fevziye Camii bah\u00e7esinde teravih namaz\u0131 sonras\u0131nda d\u00fczenlenen programda ekipler, vatanda\u015flara kandil simidi ikram ederek hem manevi bir payla\u015f\u0131m ortam\u0131 yaratt\u0131 hem de Ramazan\u2019\u0131n birlik, beraberlik ve dayan\u0131\u015fma ruhunu peki\u015ftirdi. Kocaeli B\u00fcy\u00fck\u015fehir Belediyesi, Ramazan ay\u0131 boyunca ger\u00e7ekle\u015ftirdi\u011fi bu t\u00fcr etkinliklerle sadece toplumsal dayan\u0131\u015fmay\u0131 g\u00fc\u00e7lendirmekle kalm\u0131yor, ayn\u0131 zamanda \u015fehrin d\u00f6rt bir yan\u0131nda Ramazan\u2019\u0131n manevi iklimini hissettirmeye devam ediyor.<\/p>\n<p><b>\u00a0CUMHUR\u0130YET BULVARI&#8217;NDA RAMAZAN NE\u015eES\u0130<\/b><\/p>\n<p>Kocaeli B\u00fcy\u00fck\u015fehir Belediyesi taraf\u0131ndan Ramazan ay\u0131 boyunca Cumhuriyet Bulvar\u0131 \u00fczerinde kurulan \u00e7ad\u0131rda \u00e7ocuklar unutulmad\u0131. \u0130ftardan sonra miniklere patlam\u0131\u015f m\u0131s\u0131r, pamuk \u015feker ve balon da\u011f\u0131t\u0131larak, Ramazan\u2019\u0131n ne\u015fesi ve co\u015fkusu payla\u015f\u0131ld\u0131. Ailelerin de yo\u011fun ilgi g\u00f6sterdi\u011fi Ramazan \u00c7ad\u0131r\u0131\u2019nda iftar\u0131n ard\u0131ndan vatanda\u015flara s\u0131cak \u00e7ay ikram edilerek, sohbet ve birliktelik ortam\u0131 olu\u015fturuldu. B\u00f6ylelikle Ramazan\u2019\u0131n payla\u015fma, dayan\u0131\u015fma ve birlikte vakit ge\u00e7irme ruhu ile \u00e7ocuklar\u0131n Ramazan co\u015fkusuna ortak olundu.<\/p>\n<p>\u00a0<\/p>\n<p>Kaynak: (BYZHA) Beyaz Haber Ajans\u0131<\/p>\n","protected":false},"excerpt":{"rendered":"<p>Kocaeli B\u00fcy\u00fck\u015fehir Belediyesi, kandil simidi ikram\u0131 gelene\u011fini Kadir Gecesi\u2019nde de devam ettirdi.<\/p>\n","protected":false},"author":1,"featured_media":4122,"comment_status":"open","ping_status":"open","sticky":false,"template":"","format":"standard","meta":{"footnotes":""},"categories":[20],"tags":[],"class_list":["post-4121","post","type-post","status-publish","format-standard","has-post-thumbnail","hentry","category-gundem"],"_links":{"self":[{"href":"https:\/\/akdenizolay.com.tr\/index.php\/wp-json\/wp\/v2\/posts\/4121","targetHints":{"allow":["GET"]}}],"collection":[{"href":"https:\/\/akdenizolay.com.tr\/index.php\/wp-json\/wp\/v2\/posts"}],"about":[{"href":"https:\/\/akdenizolay.com.tr\/index.php\/wp-json\/wp\/v2\/types\/post"}],"author":[{"embeddable":true,"href":"https:\/\/akdenizolay.com.tr\/index.php\/wp-json\/wp\/v2\/users\/1"}],"replies":[{"embeddable":true,"href":"https:\/\/akdenizolay.com.tr\/index.php\/wp-json\/wp\/v2\/comments?post=4121"}],"version-history":[{"count":1,"href":"https:\/\/akdenizolay.com.tr\/index.php\/wp-json\/wp\/v2\/posts\/4121\/revisions"}],"predecessor-version":[{"id":4123,"href":"https:\/\/akdenizolay.com.tr\/index.php\/wp-json\/wp\/v2\/posts\/4121\/revisions\/4123"}],"wp:featuredmedia":[{"embeddable":true,"href":"https:\/\/akdenizolay.com.tr\/index.php\/wp-json\/wp\/v2\/media\/4122"}],"wp:attachment":[{"href":"https:\/\/akdenizolay.com.tr\/index.php\/wp-json\/wp\/v2\/media?parent=4121"}],"wp:term":[{"taxonomy":"category","embeddable":true,"href":"https:\/\/akdenizolay.com.tr\/index.php\/wp-json\/wp\/v2\/categories?post=4121"},{"taxonomy":"post_tag","embeddable":true,"href":"https:\/\/akdenizolay.com.tr\/index.php\/wp-json\/wp\/v2\/tags?post=4121"}],"curies":[{"name":"wp","href":"https:\/\/api.w.org\/{rel}","templated":true}]}}