{"id":4148,"date":"2026-03-17T08:07:54","date_gmt":"2026-03-17T08:07:54","guid":{"rendered":"https:\/\/akdenizolay.com.tr\/index.php\/2026\/03\/17\/canakkale-zaferi-essiz-bir-destandir\/"},"modified":"2026-03-17T08:07:55","modified_gmt":"2026-03-17T08:07:55","slug":"canakkale-zaferi-essiz-bir-destandir","status":"publish","type":"post","link":"https:\/\/akdenizolay.com.tr\/index.php\/2026\/03\/17\/canakkale-zaferi-essiz-bir-destandir\/","title":{"rendered":"\u201c\u00c7anakkale Zaferi e\u015fsiz bir destand\u0131r\u201d"},"content":{"rendered":"<p> Kocaeli B\u00fcy\u00fck\u015fehir Belediye Ba\u015fkan\u0131 Tahir B\u00fcy\u00fckak\u0131n, \u00c7anakkale Zaferi&#8217;nin 111\u2019inci y\u0131l d\u00f6n\u00fcm\u00fc ve 18 Mart \u015eehitleri Anma G\u00fcn\u00fc nedeniyle bir mesaj yay\u0131mlad\u0131. \u00c7anakkale Zaferi\u2019nin tarihimizde \u00e7ok b\u00fcy\u00fck \u00f6neme sahip oldu\u011funu vurgulayan Ba\u015fkan B\u00fcy\u00fckak\u0131n, \u201cTarih bazen bir milletin kaderini tek bir cephede, tek bir iradede ve tek bir y\u00fcrek at\u0131\u015f\u0131nda toplar. \u00c7anakkale, i\u015fte b\u00f6yle bir d\u00f6n\u00fcm noktas\u0131d\u0131r. Bir milletin imkans\u0131zl\u0131klar kar\u015f\u0131s\u0131nda nas\u0131l aya\u011fa kalkt\u0131\u011f\u0131n\u0131, nas\u0131l yekv\u00fccut oldu\u011funu ve vatan s\u00f6z konusu oldu\u011funda nas\u0131l sars\u0131lmaz bir iradeye d\u00f6n\u00fc\u015ft\u00fc\u011f\u00fcn\u00fc b\u00fct\u00fcn d\u00fcnyaya g\u00f6steren e\u015fsiz bir destand\u0131r.<\/p>\n<p>\u00c7anakkale\u2019de yaz\u0131lan zaferin, millet olman\u0131n en y\u00fcksek \u015fuuru oldu\u011funu ifade eden Ba\u015fkan B\u00fcy\u00fckak\u0131n \u015f\u00f6yle devam etti; \u201cBug\u00fcn d\u00fcnyan\u0131n farkl\u0131 co\u011frafyalar\u0131nda ya\u015fanan ac\u0131lar, sava\u015flar ve insanl\u0131k dramlar\u0131 bize millet olman\u0131n \u00f6nemini yeniden hat\u0131rlatmaktad\u0131r. Siperlerde omuz omuza duran Mehmet\u00e7ikler, vatan sevgisinin ve fedak\u00e2rl\u0131\u011f\u0131n en y\u00fcce \u00f6rne\u011fini sergilemi\u015f; inanc\u0131n ve azmin kar\u015f\u0131s\u0131nda hi\u00e7bir g\u00fcc\u00fcn duramayaca\u011f\u0131n\u0131 tarihe kaz\u0131m\u0131\u015ft\u0131r. O g\u00fcn ortaya \u00e7\u0131kan ruh, milletimizin karakterini \u015fekillendiren en g\u00fc\u00e7l\u00fc miraslardan biri olmu\u015ftur.<\/p>\n<p>\u00c7anakkale bize gelece\u011fi de anlat\u0131r. Bu destan; birlik oldu\u011fumuzda a\u015famayaca\u011f\u0131m\u0131z engel olmad\u0131\u011f\u0131n\u0131, ortak de\u011ferler etraf\u0131nda kenetlendi\u011fimizde tarihin y\u00f6n\u00fcn\u00fc de\u011fi\u015ftirebilece\u011fimizi g\u00f6steren b\u00fcy\u00fck bir derstir. Bug\u00fcn bizlere d\u00fc\u015fen g\u00f6rev, o ruhu anlamak, ya\u015fatmak ve gelecek nesillere ayn\u0131 bilin\u00e7le aktarmakt\u0131r. O ruhu ya\u015fatacak birlik, dayan\u0131\u015fma ve sorumluluk bilinciyle hareket etmektir. \u00c7\u00fcnk\u00fc \u00c7anakkale\u2019de ortaya konan irade, milletimizin gelece\u011fe y\u00fcr\u00fcy\u00fc\u015f\u00fcn\u00fc m\u00fcmk\u00fcn k\u0131lan g\u00fc\u00e7l\u00fc bir karakter miras\u0131d\u0131r.<\/p>\n<p>Bu d\u00fc\u015f\u00fcncelerle ba\u015fta Cumhuriyetimizin kurucusu Gazi Mustafa Kemal Atat\u00fcrk ve silah arkada\u015flar\u0131 olmak \u00fczere \u00c7anakkale\u2019de destan yazan aziz \u015fehitlerimizi ve kahraman gazilerimizi rahmet, minnet ve \u015f\u00fckranla an\u0131yorum. \u201c<\/p>\n<p><b>\u00a0<\/b><\/p>\n<p>\u00a0<\/p>\n<p>Kaynak: (BYZHA) Beyaz Haber Ajans\u0131<\/p>\n","protected":false},"excerpt":{"rendered":"<p>Kocaeli B\u00fcy\u00fck\u015fehir Belediye Ba\u015fkan\u0131 Tahir B\u00fcy\u00fckak\u0131n, \u00c7anakkale Zaferi&#8217;nin 111\u2019inci y\u0131l d\u00f6n\u00fcm\u00fc ve 18 Mart \u015eehitleri Anma G\u00fcn\u00fc nedeniyle bir mesaj yay\u0131mlad\u0131.<\/p>\n","protected":false},"author":1,"featured_media":4149,"comment_status":"open","ping_status":"open","sticky":false,"template":"","format":"standard","meta":{"footnotes":""},"categories":[24],"tags":[],"class_list":["post-4148","post","type-post","status-publish","format-standard","has-post-thumbnail","hentry","category-kultur-sanat"],"_links":{"self":[{"href":"https:\/\/akdenizolay.com.tr\/index.php\/wp-json\/wp\/v2\/posts\/4148","targetHints":{"allow":["GET"]}}],"collection":[{"href":"https:\/\/akdenizolay.com.tr\/index.php\/wp-json\/wp\/v2\/posts"}],"about":[{"href":"https:\/\/akdenizolay.com.tr\/index.php\/wp-json\/wp\/v2\/types\/post"}],"author":[{"embeddable":true,"href":"https:\/\/akdenizolay.com.tr\/index.php\/wp-json\/wp\/v2\/users\/1"}],"replies":[{"embeddable":true,"href":"https:\/\/akdenizolay.com.tr\/index.php\/wp-json\/wp\/v2\/comments?post=4148"}],"version-history":[{"count":1,"href":"https:\/\/akdenizolay.com.tr\/index.php\/wp-json\/wp\/v2\/posts\/4148\/revisions"}],"predecessor-version":[{"id":4150,"href":"https:\/\/akdenizolay.com.tr\/index.php\/wp-json\/wp\/v2\/posts\/4148\/revisions\/4150"}],"wp:featuredmedia":[{"embeddable":true,"href":"https:\/\/akdenizolay.com.tr\/index.php\/wp-json\/wp\/v2\/media\/4149"}],"wp:attachment":[{"href":"https:\/\/akdenizolay.com.tr\/index.php\/wp-json\/wp\/v2\/media?parent=4148"}],"wp:term":[{"taxonomy":"category","embeddable":true,"href":"https:\/\/akdenizolay.com.tr\/index.php\/wp-json\/wp\/v2\/categories?post=4148"},{"taxonomy":"post_tag","embeddable":true,"href":"https:\/\/akdenizolay.com.tr\/index.php\/wp-json\/wp\/v2\/tags?post=4148"}],"curies":[{"name":"wp","href":"https:\/\/api.w.org\/{rel}","templated":true}]}}