{"id":4187,"date":"2026-03-17T08:38:00","date_gmt":"2026-03-17T08:38:00","guid":{"rendered":"https:\/\/akdenizolay.com.tr\/index.php\/2026\/03\/17\/baskan-ozarslan-yetim-ve-oksuz-cocuklarla-iftar-sofrasinda-bulustu\/"},"modified":"2026-03-17T08:38:01","modified_gmt":"2026-03-17T08:38:01","slug":"baskan-ozarslan-yetim-ve-oksuz-cocuklarla-iftar-sofrasinda-bulustu","status":"publish","type":"post","link":"https:\/\/akdenizolay.com.tr\/index.php\/2026\/03\/17\/baskan-ozarslan-yetim-ve-oksuz-cocuklarla-iftar-sofrasinda-bulustu\/","title":{"rendered":"Ba\u015fkan \u00d6zarslan Yetim ve \u00d6ks\u00fcz \u00c7ocuklarla \u0130ftar Sofras\u0131nda Bulu\u015ftu"},"content":{"rendered":"<p> <b>Ke\u00e7i\u00f6ren Belediye Ba\u015fkan\u0131 Dr. Mesut \u00d6zarslan\u00a0<\/b>ile<b>\u00a0<\/b>e\u015fi<b>\u00a0Filiz \u00d6zarslan,\u00a0<\/b>Mevlana K\u00fclt\u00fcr Merkezi\u2019nde d\u00fczenlenen iftar program\u0131nda yetim ve \u00f6ks\u00fcz \u00e7ocuklarla bir araya geldi. Ramazan ay\u0131n\u0131n manevi atmosferinde ger\u00e7ekle\u015ftirilen programda \u00e7ocuklar i\u00e7in \u00e7e\u015fitli etkinlikler d\u00fczenlenirken; ikramlarla birlikte \u00e7e\u015fitli hediyeler da\u011f\u0131t\u0131ld\u0131. Ke\u00e7i\u00f6ren Belediyesi tiyatro ekibinin sahneledi\u011fi meddah, Hacivat-Karag\u00f6z ve masal anlat\u0131m\u0131 g\u00f6sterileriyle \u00e7ocuklar e\u011flenceli anlar ya\u015farken, animasyon oyunlar\u0131yla renkli g\u00f6r\u00fcnt\u00fcler ortaya \u00e7\u0131kt\u0131.<\/p>\n<p>\u0130ftar program\u0131na Ke\u00e7i\u00f6ren Belediye Ba\u015fkan\u0131 Dr. Mesut \u00d6zarslan ve e\u015fi Filiz \u00d6zarslan\u2019\u0131n yan\u0131 s\u0131ra; Muradiye K\u00fclt\u00fcr Vakf\u0131 M\u00fctevelli Heyet Ba\u015fkan\u0131 Cengiz Duygulu, Muradiye K\u00fclt\u00fcr Vakf\u0131 M\u00fctevelli Heyet \u00dcyesi Ahmet H\u00fcsrev Ulusoy, Muradiye K\u00fclt\u00fcr Vakf\u0131 Genel M\u00fcd\u00fcr\u00fc Hayrullah Karaku\u015f, Muradiye K\u00fclt\u00fcr Vakf\u0131 Genel M\u00fcd\u00fcr Yard\u0131mc\u0131s\u0131 Fevzettin Ery\u0131lmaz ve Muradiye K\u00fclt\u00fcr Vakf\u0131 M\u00fcd\u00fcr\u00fc Selahattin Alt\u0131nordu, \u00e7ok say\u0131da aile ve \u00e7ocuk kat\u0131ld\u0131.<\/p>\n<p><b>\u201cSizler bu \u00fclkenin umudusunuz\u201d<\/b><\/p>\n<p><b>Ke\u00e7i\u00f6ren Belediye Ba\u015fkan\u0131 Dr. Mesut \u00d6zarslan,\u00a0<\/b>programda yapt\u0131\u011f\u0131 konu\u015fmada, insanlar\u0131n g\u00f6nl\u00fcne dokunan belediyecilik anlay\u0131\u015f\u0131yla hizmet ettiklerini belirterek \u015funlar\u0131 s\u00f6yledi: \u201cSevgili evlatlar\u0131m, bilmenizi isterim ki bu \u015fehirde hi\u00e7bir \u00e7ocuk yaln\u0131z de\u011fildir, hi\u00e7bir evlat sahipsiz de\u011fildir. \u00c7\u00fcnk\u00fc biz b\u00fcy\u00fck bir aileyiz. Bizler y\u00fcce T\u00fcrk milletinin asil insanlar\u0131y\u0131z ve bu asaletimizi iman\u0131m\u0131zdan al\u0131r\u0131z. Bu millet kimsesizin yan\u0131nda olan millettir. Bununla onur duyuyoruz, gurur duyuyoruz. Muradiye Vakf\u0131m\u0131z da bu evlatlar\u0131n bir arada olmas\u0131n\u0131; imanl\u0131 bir \u015fekilde bu vatana, millete ve \u0130slam \u00e2lemine hay\u0131rl\u0131 evlatlar olmalar\u0131 noktas\u0131nda \u00e7ok b\u00fcy\u00fck emekler veriyor. Allah kendilerinden raz\u0131 olsun. Sevgili \u00e7ocuklar\u0131m\u0131z; sizler bu \u00fclkenin umudusunuz. Bu \u015fehrin yar\u0131nlar\u0131s\u0131n\u0131z. Vatan, millet sevgisi i\u00e7erisinde g\u00f6nl\u00fc imanla dolu bir gen\u00e7lik hayal ediyoruz. Ke\u00e7i\u00f6ren\u2019de belediyecili\u011fi sadece asfalt yapmak, bina yapmak olarak g\u00f6rm\u00fcyoruz. Biz belediyecilikte insan\u0131 \u00f6n plana \u00e7\u0131kar\u0131yoruz. \u00d6nemli olan bulundu\u011fumuz b\u00f6lgede kimseyi a\u00e7 yata\u011fa sokmamak, kimseyi \u00fc\u015f\u00fcyerek yata\u011fa sokmamak, kimsenin ya\u015fl\u0131s\u0131n\u0131 ortada b\u0131rakmamak; herkesin engellisine, evlad\u0131na sahip \u00e7\u0131kmakt\u0131r. Sabah kalkt\u0131\u011f\u0131nda evlad\u0131n\u0131 e\u011fitim i\u00e7in servisine veremiyorsa onun servisi bizim boynumuzun borcu oluyor. Bu g\u00fczel ak\u015fam sofralar\u0131n\u0131 bizimle payla\u015ft\u0131\u011f\u0131n\u0131z i\u00e7in hepinize \u015f\u00fckranlar\u0131m\u0131 sunuyorum. M\u00fcbarek Kadir Geceniz kutlu olsun. Yapt\u0131\u011f\u0131n\u0131z ibadetler y\u00fcce Allah\u2019\u0131n divan\u0131nda kabul makbul olsun.\u201d<\/p>\n<p>\u0130ftar program\u0131n\u0131n sonunda \u00e7ocuklara y\u00f6nelik sergilenen g\u00f6steriler ve sunulan ikramlar memnuniyetle kar\u015f\u0131lan\u0131rken; aileler, ev sahipli\u011finden dolay\u0131 Ba\u015fkan Mesut \u00d6zarslan&#8217;a te\u015fekk\u00fcr ettiler.<\/p>\n<p>\u00a0<\/p>\n<p>\u00a0<\/p>\n<p>Kaynak: (BYZHA) Beyaz Haber Ajans\u0131<\/p>\n","protected":false},"excerpt":{"rendered":"<p>Ke\u00e7i\u00f6ren Belediye Ba\u015fkan\u0131 Dr.<\/p>\n","protected":false},"author":1,"featured_media":4188,"comment_status":"open","ping_status":"open","sticky":false,"template":"","format":"standard","meta":{"footnotes":""},"categories":[24],"tags":[],"class_list":["post-4187","post","type-post","status-publish","format-standard","has-post-thumbnail","hentry","category-kultur-sanat"],"_links":{"self":[{"href":"https:\/\/akdenizolay.com.tr\/index.php\/wp-json\/wp\/v2\/posts\/4187","targetHints":{"allow":["GET"]}}],"collection":[{"href":"https:\/\/akdenizolay.com.tr\/index.php\/wp-json\/wp\/v2\/posts"}],"about":[{"href":"https:\/\/akdenizolay.com.tr\/index.php\/wp-json\/wp\/v2\/types\/post"}],"author":[{"embeddable":true,"href":"https:\/\/akdenizolay.com.tr\/index.php\/wp-json\/wp\/v2\/users\/1"}],"replies":[{"embeddable":true,"href":"https:\/\/akdenizolay.com.tr\/index.php\/wp-json\/wp\/v2\/comments?post=4187"}],"version-history":[{"count":1,"href":"https:\/\/akdenizolay.com.tr\/index.php\/wp-json\/wp\/v2\/posts\/4187\/revisions"}],"predecessor-version":[{"id":4189,"href":"https:\/\/akdenizolay.com.tr\/index.php\/wp-json\/wp\/v2\/posts\/4187\/revisions\/4189"}],"wp:featuredmedia":[{"embeddable":true,"href":"https:\/\/akdenizolay.com.tr\/index.php\/wp-json\/wp\/v2\/media\/4188"}],"wp:attachment":[{"href":"https:\/\/akdenizolay.com.tr\/index.php\/wp-json\/wp\/v2\/media?parent=4187"}],"wp:term":[{"taxonomy":"category","embeddable":true,"href":"https:\/\/akdenizolay.com.tr\/index.php\/wp-json\/wp\/v2\/categories?post=4187"},{"taxonomy":"post_tag","embeddable":true,"href":"https:\/\/akdenizolay.com.tr\/index.php\/wp-json\/wp\/v2\/tags?post=4187"}],"curies":[{"name":"wp","href":"https:\/\/api.w.org\/{rel}","templated":true}]}}