{"id":4193,"date":"2026-03-17T08:47:49","date_gmt":"2026-03-17T08:47:49","guid":{"rendered":"https:\/\/akdenizolay.com.tr\/index.php\/2026\/03\/17\/niluferde-kacak-barakalar-yikildi\/"},"modified":"2026-03-17T08:47:50","modified_gmt":"2026-03-17T08:47:50","slug":"niluferde-kacak-barakalar-yikildi","status":"publish","type":"post","link":"https:\/\/akdenizolay.com.tr\/index.php\/2026\/03\/17\/niluferde-kacak-barakalar-yikildi\/","title":{"rendered":"Nil\u00fcfer\u2019de ka\u00e7ak barakalar y\u0131k\u0131ld\u0131"},"content":{"rendered":"<p> Nil\u00fcfer Belediyesi ekipleri, saha denetimleri ve vatanda\u015flardan gelen \u015fikayetler do\u011frultusunda kent genelinde ka\u00e7ak yap\u0131la\u015fmaya kar\u015f\u0131 \u00e7al\u0131\u015fmalar\u0131n\u0131 s\u00fcrd\u00fcr\u00fcyor. Bu kapsamda Ertu\u011frul Mahallesi\u2019nde park alan\u0131 \u00fczerine ruhsats\u0131z olarak in\u015fa edilen baraka y\u0131k\u0131ld\u0131. S\u00f6z konusu yap\u0131n\u0131n vatanda\u015flar\u0131n \u015fikayetlerine konu oldu\u011fu ve b\u00f6lge i\u00e7in olumsuz durum te\u015fkil etti\u011fi ifade edildi. \u00a0<\/p>\n<p>Belediye ekipleri ayr\u0131ca, Balat Mahallesi\u2019nde \u00f6zel orman arazisi \u00fczerine ka\u00e7ak olarak yap\u0131lan \u00e7ok say\u0131da baraka yap\u0131n\u0131n da y\u0131k\u0131m\u0131n\u0131 ger\u00e7ekle\u015ftirdi. Yap\u0131lar\u0131n mevzuata ayk\u0131r\u0131 \u015fekilde in\u015fa edildi\u011finin tespit edilmesi \u00fczerine gerekli i\u015flemler tamamlanarak y\u0131k\u0131m \u00e7al\u0131\u015fmalar\u0131 ger\u00e7ekle\u015ftirildi. \u00a0<\/p>\n<p>Y\u0131k\u0131m \u00e7al\u0131\u015fmalar\u0131 s\u0131ras\u0131nda zab\u0131ta ekipleri de b\u00f6lgede g\u00fcvenlik \u00f6nlemleri ald\u0131. Belediye ekipleri, \u00e7al\u0131\u015fmalar\u0131n\u0131 kontroll\u00fc \u015fekilde y\u00fcr\u00fct\u00fcrken ka\u00e7ak yap\u0131la\u015fmayla m\u00fccadele kapsam\u0131nda kent genelinde denetimlerine devam ediyor.<\/p>\n<p>Kaynak: (BYZHA) Beyaz Haber Ajans\u0131<\/p>\n","protected":false},"excerpt":{"rendered":"<p>Nil\u00fcfer Belediyesi ekipleri, saha denetimleri ve vatanda\u015flardan gelen \u015fikayetler do\u011frultusunda kent genelinde ka\u00e7ak yap\u0131la\u015fmaya kar\u015f\u0131 \u00e7al\u0131\u015fmalar\u0131n\u0131 s\u00fcrd\u00fcr\u00fcyor.<\/p>\n","protected":false},"author":1,"featured_media":4194,"comment_status":"open","ping_status":"open","sticky":false,"template":"","format":"standard","meta":{"footnotes":""},"categories":[20],"tags":[],"class_list":["post-4193","post","type-post","status-publish","format-standard","has-post-thumbnail","hentry","category-gundem"],"_links":{"self":[{"href":"https:\/\/akdenizolay.com.tr\/index.php\/wp-json\/wp\/v2\/posts\/4193","targetHints":{"allow":["GET"]}}],"collection":[{"href":"https:\/\/akdenizolay.com.tr\/index.php\/wp-json\/wp\/v2\/posts"}],"about":[{"href":"https:\/\/akdenizolay.com.tr\/index.php\/wp-json\/wp\/v2\/types\/post"}],"author":[{"embeddable":true,"href":"https:\/\/akdenizolay.com.tr\/index.php\/wp-json\/wp\/v2\/users\/1"}],"replies":[{"embeddable":true,"href":"https:\/\/akdenizolay.com.tr\/index.php\/wp-json\/wp\/v2\/comments?post=4193"}],"version-history":[{"count":1,"href":"https:\/\/akdenizolay.com.tr\/index.php\/wp-json\/wp\/v2\/posts\/4193\/revisions"}],"predecessor-version":[{"id":4195,"href":"https:\/\/akdenizolay.com.tr\/index.php\/wp-json\/wp\/v2\/posts\/4193\/revisions\/4195"}],"wp:featuredmedia":[{"embeddable":true,"href":"https:\/\/akdenizolay.com.tr\/index.php\/wp-json\/wp\/v2\/media\/4194"}],"wp:attachment":[{"href":"https:\/\/akdenizolay.com.tr\/index.php\/wp-json\/wp\/v2\/media?parent=4193"}],"wp:term":[{"taxonomy":"category","embeddable":true,"href":"https:\/\/akdenizolay.com.tr\/index.php\/wp-json\/wp\/v2\/categories?post=4193"},{"taxonomy":"post_tag","embeddable":true,"href":"https:\/\/akdenizolay.com.tr\/index.php\/wp-json\/wp\/v2\/tags?post=4193"}],"curies":[{"name":"wp","href":"https:\/\/api.w.org\/{rel}","templated":true}]}}