{"id":4196,"date":"2026-03-17T08:47:50","date_gmt":"2026-03-17T08:47:50","guid":{"rendered":"https:\/\/akdenizolay.com.tr\/index.php\/2026\/03\/17\/baskan-buyukakin-roman-iftarina-katildi\/"},"modified":"2026-03-17T08:47:51","modified_gmt":"2026-03-17T08:47:51","slug":"baskan-buyukakin-roman-iftarina-katildi","status":"publish","type":"post","link":"https:\/\/akdenizolay.com.tr\/index.php\/2026\/03\/17\/baskan-buyukakin-roman-iftarina-katildi\/","title":{"rendered":"Ba\u015fkan B\u00fcy\u00fckak\u0131n, Roman iftar\u0131na kat\u0131ld\u0131"},"content":{"rendered":"<p> Kocaeli B\u00fcy\u00fck\u015fehir Belediye Ba\u015fkan\u0131 Tahir B\u00fcy\u00fckak\u0131n, iftar sofras\u0131nda Roman vatanda\u015flarla bir araya gelerek Ramazan\u2019\u0131n manevi atmosferini payla\u015ft\u0131. Roman vatanda\u015flar, Ba\u015fkan B\u00fcy\u00fckak\u0131n\u2019\u0131 sevgi g\u00f6sterileri ile kar\u015f\u0131lad\u0131.<\/p>\n<p><b>BA\u015eKAN TOPLUMUN HER KES\u0130M\u0130 \u0130LE B\u0130RL\u0130KTE<\/b><\/p>\n<p>Kocaeli B\u00fcy\u00fck\u015fehir Belediye Ba\u015fkan\u0131 Tahir B\u00fcy\u00fckak\u0131n, Ramazan Ay\u0131 boyunca toplumun her kesimi ile iftarlarda bulu\u015fuyor. Birlik ve dayan\u0131\u015fma k\u00fclt\u00fcr\u00fc g\u00fc\u00e7leniyor. Ba\u015fkan B\u00fcy\u00fckak\u0131n, Kocaeli B\u00fcy\u00fck\u015fehir Belediyesi, Kocaeli Valili\u011fi ve Roman derneklerinin i\u015fbirli\u011fi ile d\u00fczenlenen iftar program\u0131nda ilimizdeki Roman vatanda\u015flar ile bir araya geldi. Programda Ramazan ay\u0131n\u0131n manevi atmosferi birlikte payla\u015f\u0131l\u0131rken, kurulan g\u00f6n\u00fcl sofras\u0131nda bir araya gelmenin mutlulu\u011fu ya\u015fand\u0131.<\/p>\n<p><b>\u0130FTAR PROGRAMINDA B\u0130RL\u0130K TABLOSU<\/b><\/p>\n<p>\u0130ftar program\u0131na Kocaeli Valisi \u0130lhami Akta\u015f, AK Parti Kocaeli Milletvekili Mehmet Akif Y\u0131lmaz, AK Parti Kocaeli \u0130l Ba\u015fkan\u0131 \u015eahin Talus, AK Parti \u0130zmit \u0130l\u00e7e Ba\u015fkan\u0131 Halil G\u00fcng\u00f6r Dokuzlar ve Roman derneklerinin temsilcileri de kat\u0131ld\u0131. Romanlar\u0131n sosyal ve k\u00fclt\u00fcrel hayata katt\u0131\u011f\u0131 de\u011ferler dikkate al\u0131narak Roman dernekleri ile kamu kurumlar\u0131 aras\u0131ndaki ileti\u015fimin g\u00fc\u00e7lendirilmesinin \u00f6nemine de vurgu yap\u0131ld\u0131.<\/p>\n<p><b>KAD\u0130R GECES\u0130\u2019NDE BARI\u015e VE KARDE\u015eL\u0130K VURGUSU<\/b><\/p>\n<p>Ba\u015fkan B\u00fcy\u00fckak\u0131n, bu anlaml\u0131 bulu\u015fmada bir konu\u015fma da yapt\u0131. Kadir Gecesi\u2019ni tebrik ederek s\u00f6zlerine ba\u015flayan B\u00fcy\u00fckak\u0131n, \u201cKadir Gecesi memleketimize, devletimize t\u00fcm \u0130slam alemine bereket, hay\u0131r ve huzur getirsin. D\u00fcnyadaki sava\u015f\u0131n, kan\u0131n ve g\u00f6zya\u015f\u0131n\u0131n durmas\u0131na vesile olsun\u201d dedi. Roman vatanda\u015flar\u0131n yakla\u015fan Ramazan Bayram\u0131\u2019n\u0131 kutlad\u0131. Vali Akta\u015f da konu\u015fmas\u0131nda, \u201cAllah nice iftarlarda bir araya gelmemizi nasip etsin\u201d ifadelerini kulland\u0131.<\/p>\n<p>\u00a0<\/p>\n<p>Kaynak: (BYZHA) Beyaz Haber Ajans\u0131<\/p>\n","protected":false},"excerpt":{"rendered":"<p>Kocaeli B\u00fcy\u00fck\u015fehir Belediye Ba\u015fkan\u0131 Tahir B\u00fcy\u00fckak\u0131n, iftar sofras\u0131nda Roman vatanda\u015flarla bir araya gelerek Ramazan\u2019\u0131n manevi atmosferini payla\u015ft\u0131.<\/p>\n","protected":false},"author":1,"featured_media":4197,"comment_status":"open","ping_status":"open","sticky":false,"template":"","format":"standard","meta":{"footnotes":""},"categories":[20],"tags":[],"class_list":["post-4196","post","type-post","status-publish","format-standard","has-post-thumbnail","hentry","category-gundem"],"_links":{"self":[{"href":"https:\/\/akdenizolay.com.tr\/index.php\/wp-json\/wp\/v2\/posts\/4196","targetHints":{"allow":["GET"]}}],"collection":[{"href":"https:\/\/akdenizolay.com.tr\/index.php\/wp-json\/wp\/v2\/posts"}],"about":[{"href":"https:\/\/akdenizolay.com.tr\/index.php\/wp-json\/wp\/v2\/types\/post"}],"author":[{"embeddable":true,"href":"https:\/\/akdenizolay.com.tr\/index.php\/wp-json\/wp\/v2\/users\/1"}],"replies":[{"embeddable":true,"href":"https:\/\/akdenizolay.com.tr\/index.php\/wp-json\/wp\/v2\/comments?post=4196"}],"version-history":[{"count":1,"href":"https:\/\/akdenizolay.com.tr\/index.php\/wp-json\/wp\/v2\/posts\/4196\/revisions"}],"predecessor-version":[{"id":4198,"href":"https:\/\/akdenizolay.com.tr\/index.php\/wp-json\/wp\/v2\/posts\/4196\/revisions\/4198"}],"wp:featuredmedia":[{"embeddable":true,"href":"https:\/\/akdenizolay.com.tr\/index.php\/wp-json\/wp\/v2\/media\/4197"}],"wp:attachment":[{"href":"https:\/\/akdenizolay.com.tr\/index.php\/wp-json\/wp\/v2\/media?parent=4196"}],"wp:term":[{"taxonomy":"category","embeddable":true,"href":"https:\/\/akdenizolay.com.tr\/index.php\/wp-json\/wp\/v2\/categories?post=4196"},{"taxonomy":"post_tag","embeddable":true,"href":"https:\/\/akdenizolay.com.tr\/index.php\/wp-json\/wp\/v2\/tags?post=4196"}],"curies":[{"name":"wp","href":"https:\/\/api.w.org\/{rel}","templated":true}]}}