{"id":4199,"date":"2026-03-17T08:47:56","date_gmt":"2026-03-17T08:47:56","guid":{"rendered":"https:\/\/akdenizolay.com.tr\/index.php\/2026\/03\/17\/gunumuz-avusturya-sanatinda-kadin-sanatcilar-ulrike-kob-ve-die-4-grazien-yapi-kredi-bomontiadada\/"},"modified":"2026-03-17T08:47:57","modified_gmt":"2026-03-17T08:47:57","slug":"gunumuz-avusturya-sanatinda-kadin-sanatcilar-ulrike-kob-ve-die-4-grazien-yapi-kredi-bomontiadada","status":"publish","type":"post","link":"https:\/\/akdenizolay.com.tr\/index.php\/2026\/03\/17\/gunumuz-avusturya-sanatinda-kadin-sanatcilar-ulrike-kob-ve-die-4-grazien-yapi-kredi-bomontiadada\/","title":{"rendered":"G\u00fcn\u00fcm\u00fcz Avusturya Sanat\u0131nda Kad\u0131n Sanat\u00e7\u0131lar:   Ulrike K\u00f6b ve Die 4 Grazien Yap\u0131 Kredi bomontiada\u2019da"},"content":{"rendered":"<p> <strong>Yap\u0131 Kredi bomontiada, Avusturya K\u00fclt\u00fcr Ofisi i\u015f birli\u011fiyle 29 Mart \u2013 12 Nisan tarihleri aras\u0131nda \u201cG\u00fcn\u00fcm\u00fcz Avusturya Sanat\u0131nda Kad\u0131n Sanat\u00e7\u0131lar: Ulrike K\u00f6b ve Die 4 Grazien\u201d ba\u015fl\u0131kl\u0131 sergiye ev sahipli\u011fi yap\u0131yor. Sergi, Yap\u0131 Kredi bomontiada GALER\u0130\u2019de her g\u00fcn 11.00-19.00 saatleri aras\u0131nda ziyaret edilebilir. \u00a0<\/strong><\/p>\n<p><strong>\u00a0Yap\u0131 Kredi bomontiada<\/strong>,<strong>\u00a0<\/strong>29 Mart\u2019tan itibaren Avusturya \u00e7a\u011fda\u015f sanat\u0131n\u0131 temsil eden iki sergiyi a\u011f\u0131rl\u0131yor.\u00a0<strong>Avusturya K\u00fclt\u00fcr Ofisi<\/strong>\u00a0i\u015f birli\u011fiyle ger\u00e7ekle\u015ftirilen sergilerden ilki, foto\u011fraf sanat\u00e7\u0131s\u0131\u00a0<strong>Ulrike K\u00f6b<\/strong>\u2019\u00fcn sanat ve \u00e7evresel fark\u0131ndal\u0131k aras\u0131ndaki benzersiz kesi\u015fim noktalar\u0131na odaklanan eserlerini bir araya getiriyor.\u00a0<strong>Mela Diamant, Susanna Schwarz<\/strong>\u00a0ve\u00a0<strong>G. Maria Wetter<\/strong>\u2019den olu\u015fan sanat\u00e7\u0131 kolektifi\u00a0<strong>Die 4 Grazien<\/strong>\u00a0ise farkl\u0131 disiplinlerde \u00fcrettikleri \u00e7al\u0131\u015fmalar arac\u0131l\u0131\u011f\u0131yla, izleyicileri kad\u0131n kimli\u011fi, temsil, toplumsal roller ve t\u00fcketim k\u00fclt\u00fcr\u00fc \u00fczerine d\u00fc\u015f\u00fcnmeye davet ediyor.<\/p>\n<p><strong>T\u00fcketim k\u00fclt\u00fcr\u00fcne g\u00f6rsel bir m\u00fcdahale<\/strong><\/p>\n<p>Avusturyal\u0131 foto\u011fraf sanat\u00e7\u0131s\u0131\u00a0<strong>Ulrike K\u00f6b<\/strong>,\u00a0<strong>\u201cReuse-Reduce-Rethink\u201d<\/strong>\u00a0<em>(Azalt-Yeniden Kullan-Yeniden D\u00fc\u015f\u00fcn)<\/em><strong>\u00a0<\/strong>ba\u015fl\u0131kl\u0131 sergisinde, s\u00fcrd\u00fcr\u00fclebilir ve at\u0131ks\u0131z bir do\u011fal d\u00f6ng\u00fc i\u00e7in gereken t\u00fcketim al\u0131\u015fkanl\u0131klar\u0131m\u0131z \u00fczerine odaklan\u0131yor.\u00a0<\/p>\n<p>Estetikle \u00e7evre fark\u0131ndal\u0131\u011f\u0131n\u0131 harmanlayan sanat\u00e7\u0131; plastik at\u0131klar, g\u00fcndelik e\u015fyalar ve yiyecekler ile yaratt\u0131\u011f\u0131 d\u00fc\u015f\u00fcnd\u00fcr\u00fcc\u00fc ve bazen de rahats\u0131z edici kompozisyonlar ile izleyicinin dikkatini \u00e7ekmeyi ama\u00e7l\u0131yor. G\u00f6rseller, g\u00fcndelik e\u015fyalar\u0131n ne kadar d\u00fc\u015f\u00fcncesizce at\u0131ld\u0131\u011f\u0131n\u0131, at\u0131klar\u0131n \u00e7evremizi nas\u0131l etkiledi\u011fini ve h\u0131zl\u0131 modan\u0131n hayatlar\u0131m\u0131z\u0131 y\u00f6nlendirirken gezegenimizi nas\u0131l tahrip etti\u011fini canl\u0131 bir \u015fekilde hat\u0131rlat\u0131rken su kaynaklar\u0131n\u0131n duyarl\u0131 bir \u015fekilde kullan\u0131lmas\u0131 ve do\u011fal yiyeceklere verilen de\u011ferin \u00f6nemini de vurgulamay\u0131 hedefliyor.\u00a0<\/p>\n<p><strong>Kad\u0131n sanat\u00e7\u0131lar, dayan\u0131\u015fma ve var olma m\u00fccadelesi<\/strong><\/p>\n<p>Yap\u0131 Kredi bomontiada GALER\u0130\u2019de yer alan di\u011fer bir sergi ise Viyana merkezli sanat\u00e7\u0131 kolektifi\u00a0<strong>Die 4 Grazien<\/strong>\u2019in eserlerinden olu\u015fuyor. 2002 y\u0131l\u0131nda Viyana G\u00fczel Sanatlar Akademisi\u2019nde kurulan kolektif, feminist dayan\u0131\u015fma ve ortak \u00fcretim fikrini merkezine alan bir sanat prati\u011fi geli\u015ftiriyor. Birlikte \u00fcrettikleri foto\u011fraf ve videolar\u0131n yan\u0131 s\u0131ra bireysel olarak \u00fcrettikleri resim, grafik sanatlar ve tekstil gibi farkl\u0131 disiplinler aras\u0131nda dola\u015fan \u00e7al\u0131\u015fmalar, kad\u0131nl\u0131\u011fa atfedilen k\u00fclt\u00fcrel anlamlar\u0131 ve bu anlamlar\u0131n g\u00fcn\u00fcm\u00fcz rol modelleri \u00fczerindeki etkisini ele al\u0131yor.<\/p>\n<p>Kolektifin \u00e7al\u0131\u015fmalar\u0131 genellikle kad\u0131n sanat\u00e7\u0131 olarak \u00fcretmeye devam etmenin zorluklar\u0131n\u0131 ve dayan\u0131\u015fman\u0131n d\u00f6n\u00fc\u015ft\u00fcr\u00fcc\u00fc g\u00fcc\u00fcn\u00fc vurguluyor. B\u00f6ylece sergi, kad\u0131n sanat\u00e7\u0131lar\u0131n hem ki\u015fisel hikayelerini hem de ortak deneyimlerini g\u00f6r\u00fcn\u00fcr k\u0131lan \u00e7ok katmanl\u0131 bir anlat\u0131 olu\u015fturuyor.<\/p>\n<p><strong>\u201cG\u00fcn\u00fcm\u00fcz Avusturya Sanat\u0131nda Kad\u0131n Sanat\u00e7\u0131lar: Ulrike K\u00f6b ve Die 4 Grazien\u201d\u00a0<\/strong>sergisi, 29 Mart \u2013 12 Nisan tarihleri aras\u0131nda Yap\u0131 Kredi bomontiada GALER\u0130\u2019de her g\u00fcn 11.00-19.00 saatleri aras\u0131nda ziyaret edilebilir.<\/p>\n<p>\u00a0<\/p>\n<p>\u00a0<\/p>\n<p>Kaynak: (BYZHA) Beyaz Haber Ajans\u0131<\/p>\n","protected":false},"excerpt":{"rendered":"<p>Yap\u0131 Kredi bomontiada, Avusturya K\u00fclt\u00fcr Ofisi i\u015f birli\u011fiyle 29 Mart \u2013 12 Nisan tarihleri aras\u0131nda \u201cG\u00fcn\u00fcm\u00fcz Avusturya Sanat\u0131nda Kad\u0131n Sanat\u00e7\u0131lar: Ulrike K\u00f6b ve Die 4 Grazien\u201d ba\u015fl\u0131kl\u0131 sergiye ev sahipli\u011fi yap\u0131yor.<\/p>\n","protected":false},"author":1,"featured_media":4200,"comment_status":"open","ping_status":"open","sticky":false,"template":"","format":"standard","meta":{"footnotes":""},"categories":[24],"tags":[],"class_list":["post-4199","post","type-post","status-publish","format-standard","has-post-thumbnail","hentry","category-kultur-sanat"],"_links":{"self":[{"href":"https:\/\/akdenizolay.com.tr\/index.php\/wp-json\/wp\/v2\/posts\/4199","targetHints":{"allow":["GET"]}}],"collection":[{"href":"https:\/\/akdenizolay.com.tr\/index.php\/wp-json\/wp\/v2\/posts"}],"about":[{"href":"https:\/\/akdenizolay.com.tr\/index.php\/wp-json\/wp\/v2\/types\/post"}],"author":[{"embeddable":true,"href":"https:\/\/akdenizolay.com.tr\/index.php\/wp-json\/wp\/v2\/users\/1"}],"replies":[{"embeddable":true,"href":"https:\/\/akdenizolay.com.tr\/index.php\/wp-json\/wp\/v2\/comments?post=4199"}],"version-history":[{"count":1,"href":"https:\/\/akdenizolay.com.tr\/index.php\/wp-json\/wp\/v2\/posts\/4199\/revisions"}],"predecessor-version":[{"id":4201,"href":"https:\/\/akdenizolay.com.tr\/index.php\/wp-json\/wp\/v2\/posts\/4199\/revisions\/4201"}],"wp:featuredmedia":[{"embeddable":true,"href":"https:\/\/akdenizolay.com.tr\/index.php\/wp-json\/wp\/v2\/media\/4200"}],"wp:attachment":[{"href":"https:\/\/akdenizolay.com.tr\/index.php\/wp-json\/wp\/v2\/media?parent=4199"}],"wp:term":[{"taxonomy":"category","embeddable":true,"href":"https:\/\/akdenizolay.com.tr\/index.php\/wp-json\/wp\/v2\/categories?post=4199"},{"taxonomy":"post_tag","embeddable":true,"href":"https:\/\/akdenizolay.com.tr\/index.php\/wp-json\/wp\/v2\/tags?post=4199"}],"curies":[{"name":"wp","href":"https:\/\/api.w.org\/{rel}","templated":true}]}}