{"id":8450,"date":"2026-04-06T13:04:21","date_gmt":"2026-04-06T13:04:21","guid":{"rendered":"https:\/\/akdenizolay.com.tr\/index.php\/2026\/04\/06\/halk-oyunlarinda-dereceler-inegole-geldi\/"},"modified":"2026-04-06T13:04:22","modified_gmt":"2026-04-06T13:04:22","slug":"halk-oyunlarinda-dereceler-inegole-geldi","status":"publish","type":"post","link":"https:\/\/akdenizolay.com.tr\/index.php\/2026\/04\/06\/halk-oyunlarinda-dereceler-inegole-geldi\/","title":{"rendered":"Halk Oyunlar\u0131nda Dereceler \u0130neg\u00f6l\u2019e Geldi"},"content":{"rendered":"<p> Gen\u00e7lik ve Spor Bakanl\u0131\u011f\u0131 T\u00fcrkiye Halk Oyunlar\u0131 Federasyonu taraf\u0131ndan d\u00fczenlenen Kul\u00fcpler Aras\u0131 Bursa \u0130l Yar\u0131\u015fmas\u0131\u2019nda \u0130neg\u00f6l Belediyespor Halk Danslar\u0131 Toplulu\u011fu \u0130neg\u00f6l\u2019\u00fcn k\u00fclt\u00fcr\u00fcn\u00fc sahnede en g\u00fczel \u015fekilde ya\u015fatarak; Minikler grubunda birinci, Y\u0131ld\u0131zlar grubunda ikinci, 2 ayr\u0131 gen\u00e7ler grubunda ise birincilikler elde ederek 4 dereceyle b\u00f6lge finallerinde Bursa\u2019y\u0131 temsil etme hakk\u0131 elde etti.<\/p>\n<p>Gen\u00e7lik ve Spor Bakanl\u0131\u011f\u0131 T\u00fcrkiye Halk Oyunlar\u0131 Federasyonu taraf\u0131ndan d\u00fczenlenen Kul\u00fcpler Aras\u0131 Bursa \u0130l Yar\u0131\u015fmas\u0131\u2019nda \u0130neg\u00f6l Belediyesi r\u00fczgarlar\u0131 esti. \u0130neg\u00f6l Belediyespor Halk Danslar\u0131 Toplulu\u011fu, \u0130neg\u00f6l oyunlar\u0131n\u0131n kendine has ritmi, esteti\u011fi ve g\u00fc\u00e7l\u00fc sahne duru\u015fuyla adeta izleyenleri b\u00fcy\u00fcledi. Y\u00f6resel fig\u00fcrlerin ustal\u0131kla sergilendi\u011fi performanslar, salonu dolduran izleyicilerden b\u00fcy\u00fck alk\u0131\u015f ald\u0131.<\/p>\n<p><strong>3 B\u0130R\u0130NC\u0130L\u0130K, 1 \u0130K\u0130NC\u0130L\u0130K ELDE ED\u0130LD\u0130<\/strong><\/p>\n<p>\u0130neg\u00f6l\u2019\u00fcn k\u00fclt\u00fcrel miras\u0131n\u0131 sahneye ta\u015f\u0131yan ekipler, elde ettikleri derecelerle b\u00fcy\u00fck bir ba\u015far\u0131ya imza att\u0131. Minikler D\u00fczenlemesiz Dalda 1\u2019incilik, Y\u0131ld\u0131zlar D\u00fczenlemeli Dalda 2\u2019ncilik, Gen\u00e7ler D\u00fczenlemesiz Dalda 1\u2019incilik ve Gen\u00e7ler D\u00fczenlemeli Dalda 1\u2019incilik olmak \u00fczere 4 ayr\u0131 kategoride 3 birincilik ile 1 ikincilik elde edildi.<\/p>\n<p><strong>HEDEF T\u00dcRK\u0130YE F\u0130NALLER\u0130<\/strong><\/p>\n<p>\u0130neg\u00f6l oyunlar\u0131n\u0131n dinamizmi, sertli\u011fi ve zarafetiyle sahnede fark olu\u015fturan \u0130neg\u00f6l Belediyespor halk danslar\u0131 toplulu\u011fu, bu sonu\u00e7larla b\u00f6lge yar\u0131\u015fmalar\u0131nda Bursa\u2019y\u0131 temsil etme hakk\u0131 kazand\u0131. K\u00fclt\u00fcr\u00fcn\u00fc sahneye yans\u0131tan, her ad\u0131m\u0131nda \u0130neg\u00f6l\u2019\u00fcn ruhunu hissettiren ekip, \u015fimdi de g\u00f6z\u00fcn\u00fc T\u00fcrkiye finalleri hedefine \u00e7evirdi. \u0130neg\u00f6l Belediyespor Halk Danslar\u0131 Toplulu\u011fu b\u00f6lge yar\u0131\u015fmalar\u0131nda da ayn\u0131 co\u015fku ve kararl\u0131l\u0131kla sahne alarak, \u0130neg\u00f6l oyunlar\u0131n\u0131 T\u00fcrkiye\u2019nin zirvesine ta\u015f\u0131mak i\u00e7in \u00e7al\u0131\u015fmalar\u0131n\u0131 s\u00fcrd\u00fcrecek.<\/p>\n<p>\u00a0<\/p>\n<p>\u00a0<\/p>\n<p>Kaynak: (BYZHA) Beyaz Haber Ajans\u0131<\/p>\n","protected":false},"excerpt":{"rendered":"<p>Gen\u00e7lik ve Spor Bakanl\u0131\u011f\u0131 T\u00fcrkiye Halk Oyunlar\u0131 Federasyonu taraf\u0131ndan d\u00fczenlenen Kul\u00fcpler Aras\u0131 Bursa \u0130l Yar\u0131\u015fmas\u0131\u2019nda \u0130neg\u00f6l Belediyespor Halk Danslar\u0131 Toplulu\u011fu \u0130neg\u00f6l\u2019\u00fcn k\u00fclt\u00fcr\u00fcn\u00fc sahnede en g\u00fczel \u015fekilde ya\u015fatarak; Minikler grubunda birinci, Y\u0131ld\u0131zlar grubunda ikinci, 2 ayr\u0131 gen\u00e7ler grubunda ise birincilikler elde ederek 4 dereceyle b\u00f6lge finallerinde Bursa\u2019y\u0131 temsil etme hakk\u0131 elde etti.<\/p>\n","protected":false},"author":1,"featured_media":8451,"comment_status":"open","ping_status":"open","sticky":false,"template":"","format":"standard","meta":{"footnotes":""},"categories":[24],"tags":[],"class_list":["post-8450","post","type-post","status-publish","format-standard","has-post-thumbnail","hentry","category-kultur-sanat"],"_links":{"self":[{"href":"https:\/\/akdenizolay.com.tr\/index.php\/wp-json\/wp\/v2\/posts\/8450","targetHints":{"allow":["GET"]}}],"collection":[{"href":"https:\/\/akdenizolay.com.tr\/index.php\/wp-json\/wp\/v2\/posts"}],"about":[{"href":"https:\/\/akdenizolay.com.tr\/index.php\/wp-json\/wp\/v2\/types\/post"}],"author":[{"embeddable":true,"href":"https:\/\/akdenizolay.com.tr\/index.php\/wp-json\/wp\/v2\/users\/1"}],"replies":[{"embeddable":true,"href":"https:\/\/akdenizolay.com.tr\/index.php\/wp-json\/wp\/v2\/comments?post=8450"}],"version-history":[{"count":1,"href":"https:\/\/akdenizolay.com.tr\/index.php\/wp-json\/wp\/v2\/posts\/8450\/revisions"}],"predecessor-version":[{"id":8452,"href":"https:\/\/akdenizolay.com.tr\/index.php\/wp-json\/wp\/v2\/posts\/8450\/revisions\/8452"}],"wp:featuredmedia":[{"embeddable":true,"href":"https:\/\/akdenizolay.com.tr\/index.php\/wp-json\/wp\/v2\/media\/8451"}],"wp:attachment":[{"href":"https:\/\/akdenizolay.com.tr\/index.php\/wp-json\/wp\/v2\/media?parent=8450"}],"wp:term":[{"taxonomy":"category","embeddable":true,"href":"https:\/\/akdenizolay.com.tr\/index.php\/wp-json\/wp\/v2\/categories?post=8450"},{"taxonomy":"post_tag","embeddable":true,"href":"https:\/\/akdenizolay.com.tr\/index.php\/wp-json\/wp\/v2\/tags?post=8450"}],"curies":[{"name":"wp","href":"https:\/\/api.w.org\/{rel}","templated":true}]}}